{"id":55797,"date":"2020-10-21T14:52:45","date_gmt":"2020-10-21T19:52:45","guid":{"rendered":"http:\/\/globalnewsmexico.com\/sitio\/?p=55797"},"modified":"2020-10-21T14:52:50","modified_gmt":"2020-10-21T19:52:50","slug":"carlos-slim-propone-elevar-a-75-anos-la-edad-de-jubilacion","status":"publish","type":"post","link":"https:\/\/globalnewsmexico.com\/sitio\/carlos-slim-propone-elevar-a-75-anos-la-edad-de-jubilacion\/","title":{"rendered":"Carlos Slim propone elevar a 75 a\u00f1os la edad de jubilaci\u00f3n"},"content":{"rendered":"\n<p>Carlos Slim, el empresario m\u00e1s rico de\u00a0M\u00e9xico, dijo que la pandemia de Covid-19 ha provocado una crisis econ\u00f3mica m\u00e1s profunda, por lo que propuso elevar a 75 a\u00f1os la edad de jubilaci\u00f3n, y record\u00f3 a empresarios la opci\u00f3n de implementar una jornada laboral de 3 d\u00edas a la semana durante 11 horas, para abrir espacio a otras personas.<\/p>\n\n\n\n<p>Este \u00abvirus invisible que ha puesto en jaque a todo el mundo\u00bb, ha generado una situaci\u00f3n econ\u00f3mica y social inusual que va a conducir a una nueva normalidad, aunque muchas cosas ya no ser\u00e1n iguales.<\/p>\n\n\n\n<p>Durante su participaci\u00f3n virtual en el\u00a0<em>XIX Congreso de Directivos CEDE<\/em>, el due\u00f1o de\u00a0Am\u00e9rica M\u00f3vil,\u00a0de\u00a0Grupo Carso\u00a0y de la espa\u00f1ola\u00a0FCC, sostuvo que al elevar 10 a\u00f1os la edad de jubilaci\u00f3n, que es de 65 a\u00f1os de acuerdo con la ley,\u00a0se evitar\u00eda la quiebra de la situaci\u00f3n financiera de los pa\u00edses.<\/p>\n\n\n\n<p>Sostuvo que uno de los diversos impactos del Covid-19 es que afecta principalmente a la generaci\u00f3n de empleos, adem\u00e1s del desplome en el consumo de bienes y servicios no necesarios y la saturaci\u00f3n en los servicios de salud.<\/p>\n\n\n\n<p>Fuente: Agencias<\/p>\n","protected":false},"excerpt":{"rendered":"<p>Carlos Slim, el empresario m\u00e1s rico de\u00a0M\u00e9xico, dijo que la pandemia de Covid-19 ha provocado una crisis econ\u00f3mica m\u00e1s profunda, por lo que propuso elevar a 75 a\u00f1os la edad de jubilaci\u00f3n, y record\u00f3 a empresarios la opci\u00f3n de implementar una jornada laboral de 3 d\u00edas a la semana durante 11 horas, para abrir espacio<a class=\"read-more\" href=\"https:\/\/globalnewsmexico.com\/sitio\/carlos-slim-propone-elevar-a-75-anos-la-edad-de-jubilacion\/\">Leer m\u00e1s<\/a><\/p>\n","protected":false},"author":5,"featured_media":55800,"comment_status":"closed","ping_status":"open","sticky":false,"template":"","format":"standard","meta":{"spay_email":"","footnotes":""},"categories":[37,8,39,52],"tags":[],"jetpack_featured_media_url":"https:\/\/i2.wp.com\/globalnewsmexico.com\/sitio\/wp-content\/uploads\/2020\/10\/slim-pide-empresas-gobiernos-invertir_0_84_1200_745.jpeg?fit=958%2C596&ssl=1","jetpack_sharing_enabled":true,"jetpack_shortlink":"https:\/\/wp.me\/p9yqPL-evX","jetpack_likes_enabled":true,"_links":{"self":[{"href":"https:\/\/globalnewsmexico.com\/sitio\/wp-json\/wp\/v2\/posts\/55797"}],"collection":[{"href":"https:\/\/globalnewsmexico.com\/sitio\/wp-json\/wp\/v2\/posts"}],"about":[{"href":"https:\/\/globalnewsmexico.com\/sitio\/wp-json\/wp\/v2\/types\/post"}],"author":[{"embeddable":true,"href":"https:\/\/globalnewsmexico.com\/sitio\/wp-json\/wp\/v2\/users\/5"}],"replies":[{"embeddable":true,"href":"https:\/\/globalnewsmexico.com\/sitio\/wp-json\/wp\/v2\/comments?post=55797"}],"version-history":[{"count":0,"href":"https:\/\/globalnewsmexico.com\/sitio\/wp-json\/wp\/v2\/posts\/55797\/revisions"}],"wp:featuredmedia":[{"embeddable":true,"href":"https:\/\/globalnewsmexico.com\/sitio\/wp-json\/wp\/v2\/media\/55800"}],"wp:attachment":[{"href":"https:\/\/globalnewsmexico.com\/sitio\/wp-json\/wp\/v2\/media?parent=55797"}],"wp:term":[{"taxonomy":"category","embeddable":true,"href":"https:\/\/globalnewsmexico.com\/sitio\/wp-json\/wp\/v2\/categories?post=55797"},{"taxonomy":"post_tag","embeddable":true,"href":"https:\/\/globalnewsmexico.com\/sitio\/wp-json\/wp\/v2\/tags?post=55797"}],"curies":[{"name":"wp","href":"https:\/\/api.w.org\/{rel}","templated":true}]}}