{"id":55902,"date":"2020-10-23T12:43:56","date_gmt":"2020-10-23T17:43:56","guid":{"rendered":"http:\/\/globalnewsmexico.com\/sitio\/?p=55902"},"modified":"2020-10-23T12:43:59","modified_gmt":"2020-10-23T17:43:59","slug":"gobernador-de-veracruz-dara-mensaje-virtual-durante-segundo-informe-de-gobierno","status":"publish","type":"post","link":"https:\/\/globalnewsmexico.com\/sitio\/gobernador-de-veracruz-dara-mensaje-virtual-durante-segundo-informe-de-gobierno\/","title":{"rendered":"Gobernador de Veracruz dar\u00e1 mensaje virtual durante Segundo Informe de Gobierno"},"content":{"rendered":"\n<p>El Segundo Informe est\u00e1 casi concluido y se entregara al Congreso del Estado el 15 de noviembre, como lo marca la ley, afirm\u00f3 el gobernador de Veracruz, Cuitl\u00e1huac Garc\u00eda Jim\u00e9nez; adelant\u00f3 que dirigir\u00e1 un mensaje a los veracruzanos relacionado con este acto.<\/p>\n\n\n\n<p>El jefe del Ejecutivo se\u00f1al\u00f3 que el mensaje ser\u00e1 de manera virtual y no en un evento como el a\u00f1o pasado, donde desde el Teatro del Estado en Xalapa, se congregaron funcionarios, invitados especiales y sectores de la sociedad.<\/p>\n\n\n\n<p>Ahora se prev\u00e9 que sea de manera virtual por la situaci\u00f3n sanitaria que prevalece por la pandemia del Covid-19, por lo que se trasmitir\u00e1 por Radio y Televisi\u00f3n de Veracruz (RTV), as\u00ed como las diversas plataformas y redes sociales del Estado, adem\u00e1s de otras televisoras y estaciones de radio.<\/p>\n\n\n\n<p>Puntualiz\u00f3 que una vez que concluyan las comparecencias en el marco de la glosa del informe, acudir\u00e1 a comparecer como lo plantea la nueva ley, donde el Ejecutivo acude ante el pleno para responder a los cuestionamientos de legisladores.<\/p>\n\n\n\n<p>Fuente: Los Editores<\/p>\n","protected":false},"excerpt":{"rendered":"<p>El Segundo Informe est\u00e1 casi concluido y se entregara al Congreso del Estado el 15 de noviembre, como lo marca la ley, afirm\u00f3 el gobernador de Veracruz, Cuitl\u00e1huac Garc\u00eda Jim\u00e9nez; adelant\u00f3 que dirigir\u00e1 un mensaje a los veracruzanos relacionado con este acto. El jefe del Ejecutivo se\u00f1al\u00f3 que el mensaje ser\u00e1 de manera virtual y<a class=\"read-more\" href=\"https:\/\/globalnewsmexico.com\/sitio\/gobernador-de-veracruz-dara-mensaje-virtual-durante-segundo-informe-de-gobierno\/\">Leer m\u00e1s<\/a><\/p>\n","protected":false},"author":5,"featured_media":55906,"comment_status":"closed","ping_status":"open","sticky":false,"template":"","format":"standard","meta":{"spay_email":"","footnotes":""},"categories":[37,8,50,52],"tags":[],"jetpack_featured_media_url":"https:\/\/i1.wp.com\/globalnewsmexico.com\/sitio\/wp-content\/uploads\/2020\/10\/1100pgvghsnVz.jpeg?fit=1024%2C629&ssl=1","jetpack_sharing_enabled":true,"jetpack_shortlink":"https:\/\/wp.me\/p9yqPL-exE","jetpack_likes_enabled":true,"_links":{"self":[{"href":"https:\/\/globalnewsmexico.com\/sitio\/wp-json\/wp\/v2\/posts\/55902"}],"collection":[{"href":"https:\/\/globalnewsmexico.com\/sitio\/wp-json\/wp\/v2\/posts"}],"about":[{"href":"https:\/\/globalnewsmexico.com\/sitio\/wp-json\/wp\/v2\/types\/post"}],"author":[{"embeddable":true,"href":"https:\/\/globalnewsmexico.com\/sitio\/wp-json\/wp\/v2\/users\/5"}],"replies":[{"embeddable":true,"href":"https:\/\/globalnewsmexico.com\/sitio\/wp-json\/wp\/v2\/comments?post=55902"}],"version-history":[{"count":0,"href":"https:\/\/globalnewsmexico.com\/sitio\/wp-json\/wp\/v2\/posts\/55902\/revisions"}],"wp:featuredmedia":[{"embeddable":true,"href":"https:\/\/globalnewsmexico.com\/sitio\/wp-json\/wp\/v2\/media\/55906"}],"wp:attachment":[{"href":"https:\/\/globalnewsmexico.com\/sitio\/wp-json\/wp\/v2\/media?parent=55902"}],"wp:term":[{"taxonomy":"category","embeddable":true,"href":"https:\/\/globalnewsmexico.com\/sitio\/wp-json\/wp\/v2\/categories?post=55902"},{"taxonomy":"post_tag","embeddable":true,"href":"https:\/\/globalnewsmexico.com\/sitio\/wp-json\/wp\/v2\/tags?post=55902"}],"curies":[{"name":"wp","href":"https:\/\/api.w.org\/{rel}","templated":true}]}}