{"id":55909,"date":"2020-10-23T13:06:04","date_gmt":"2020-10-23T18:06:04","guid":{"rendered":"http:\/\/globalnewsmexico.com\/sitio\/?p=55909"},"modified":"2020-10-23T13:06:11","modified_gmt":"2020-10-23T18:06:11","slug":"detienen-a-presuntos-secuestradores-en-martinez-de-la-torre-veracruz","status":"publish","type":"post","link":"https:\/\/globalnewsmexico.com\/sitio\/detienen-a-presuntos-secuestradores-en-martinez-de-la-torre-veracruz\/","title":{"rendered":"Detienen a presuntos secuestradores en Mart\u00ednez de la Torre, Veracruz"},"content":{"rendered":"\n<p>La Unidad Especializada en Combate al Secuestro (UECS) implement\u00f3 un operativo t\u00e1ctico de inteligencia, con el cual logr\u00f3 la detenci\u00f3n de dos presuntos secuestradores en el municipio de Mart\u00ednez de la Torre, Veracruz.<\/p>\n\n\n\n<p>Issac &#8216;N&#8217; y Julio C\u00e9sar &#8216;N&#8217; fueron detenidos en cumplimiento de una orden de aprehensi\u00f3n girada en su contra dentro del Proceso Penal 162\/2020, por hechos ocurridos en mayo del presente a\u00f1o, cuando privaron de la libertad a una v\u00edctima en el municipio de Tlapacoyan, por la que solicitaban una fuerte suma de dinero a cambio de su liberaci\u00f3n.<\/p>\n\n\n\n<p>Al ser presentados en audiencia inicial, el fiscal especializado adscrito a la UECS regi\u00f3n Xalapa obtuvo del juez de control la procedencia de la legalizaci\u00f3n de sus detenciones, as\u00ed como las imputaciones por el delito de secuestro agravado.<\/p>\n\n\n\n<p>Asimismo, les fue impuesta la medida cautelar de prisi\u00f3n preventiva oficiosa por el t\u00e9rmino de dos a\u00f1os y se estableci\u00f3 el pr\u00f3ximo 27 del mes en curso, como fecha para realizar la audiencia de vinculaci\u00f3n a proceso.<\/p>\n","protected":false},"excerpt":{"rendered":"<p>La Unidad Especializada en Combate al Secuestro (UECS) implement\u00f3 un operativo t\u00e1ctico de inteligencia, con el cual logr\u00f3 la detenci\u00f3n de dos presuntos secuestradores en el municipio de Mart\u00ednez de la Torre, Veracruz. Issac &#8216;N&#8217; y Julio C\u00e9sar &#8216;N&#8217; fueron detenidos en cumplimiento de una orden de aprehensi\u00f3n girada en su contra dentro del Proceso<a class=\"read-more\" href=\"https:\/\/globalnewsmexico.com\/sitio\/detienen-a-presuntos-secuestradores-en-martinez-de-la-torre-veracruz\/\">Leer m\u00e1s<\/a><\/p>\n","protected":false},"author":5,"featured_media":55910,"comment_status":"closed","ping_status":"open","sticky":false,"template":"","format":"standard","meta":{"spay_email":"","footnotes":""},"categories":[37,8,50,52],"tags":[],"jetpack_featured_media_url":"https:\/\/i1.wp.com\/globalnewsmexico.com\/sitio\/wp-content\/uploads\/2020\/10\/b92440cb-7b48-4dfc-94f2-1c83a5f61146.jpg?fit=1040%2C1040&ssl=1","jetpack_sharing_enabled":true,"jetpack_shortlink":"https:\/\/wp.me\/p9yqPL-exL","jetpack_likes_enabled":true,"_links":{"self":[{"href":"https:\/\/globalnewsmexico.com\/sitio\/wp-json\/wp\/v2\/posts\/55909"}],"collection":[{"href":"https:\/\/globalnewsmexico.com\/sitio\/wp-json\/wp\/v2\/posts"}],"about":[{"href":"https:\/\/globalnewsmexico.com\/sitio\/wp-json\/wp\/v2\/types\/post"}],"author":[{"embeddable":true,"href":"https:\/\/globalnewsmexico.com\/sitio\/wp-json\/wp\/v2\/users\/5"}],"replies":[{"embeddable":true,"href":"https:\/\/globalnewsmexico.com\/sitio\/wp-json\/wp\/v2\/comments?post=55909"}],"version-history":[{"count":0,"href":"https:\/\/globalnewsmexico.com\/sitio\/wp-json\/wp\/v2\/posts\/55909\/revisions"}],"wp:featuredmedia":[{"embeddable":true,"href":"https:\/\/globalnewsmexico.com\/sitio\/wp-json\/wp\/v2\/media\/55910"}],"wp:attachment":[{"href":"https:\/\/globalnewsmexico.com\/sitio\/wp-json\/wp\/v2\/media?parent=55909"}],"wp:term":[{"taxonomy":"category","embeddable":true,"href":"https:\/\/globalnewsmexico.com\/sitio\/wp-json\/wp\/v2\/categories?post=55909"},{"taxonomy":"post_tag","embeddable":true,"href":"https:\/\/globalnewsmexico.com\/sitio\/wp-json\/wp\/v2\/tags?post=55909"}],"curies":[{"name":"wp","href":"https:\/\/api.w.org\/{rel}","templated":true}]}}