{"id":56040,"date":"2020-10-26T14:29:20","date_gmt":"2020-10-26T20:29:20","guid":{"rendered":"http:\/\/globalnewsmexico.com\/sitio\/?p=56040"},"modified":"2020-10-26T14:29:25","modified_gmt":"2020-10-26T20:29:25","slug":"por-recorte-de-participaciones-preven-despido-de-personal-en-ayuntamientos-de-veracruz","status":"publish","type":"post","link":"https:\/\/globalnewsmexico.com\/sitio\/por-recorte-de-participaciones-preven-despido-de-personal-en-ayuntamientos-de-veracruz\/","title":{"rendered":"Por recorte de participaciones, prev\u00e9n despido de personal en ayuntamientos de Veracruz"},"content":{"rendered":"\n<p>Ante el recorte a las participaciones federales que reciben los ayuntamientos, los Cabildos podr\u00edan considerar como una medida de ahorro el despido de personal de confianza, aunque el presidente de la\u00a0Comisi\u00f3n de Hacienda Municipal del Congreso local,\u00a0Augusto Nah\u00fam \u00c1lvarez Pellico, asegur\u00f3 que a la fecha no se tiene conocimiento de cu\u00e1ntos ayuntamientos ser\u00edan los que decidieron u optar\u00e1n por esta situaci\u00f3n\u00a0para generar ahorros.<\/p>\n\n\n\n<p>A la fecha, los ayuntamientos en los que se ha anunciado o se prev\u00e9 un recorte de personal son:\u00a0Las Choapas, Alvarado, Teocelo e Ixtaczoquitl\u00e1n. Dicha acci\u00f3n estar\u00eda acompa\u00f1ada de ajustes a los gastos de papeler\u00eda, vi\u00e1ticos, combustible y realizaci\u00f3n de actos p\u00fablicos. Trabajadores de\u00a0Alto Lucero\u00a0tambi\u00e9n ventilaron que los mandaron un mes sin goce de sueldo.<\/p>\n\n\n\n<p>Los alcaldes env\u00edan cada tres meses al Congreso local un reporte que incluye la actualizaci\u00f3n de la plantilla laboral, por lo que\u00a0ser\u00e1 en diciembre pr\u00f3ximo cuando se conozca el n\u00famero de ayuntamientos que realizaron este tipo de ajuste,\u00a0los ahorros que generaron con ello y la cifra de personas que fueron despedidas por tal hecho, expuso.<\/p>\n\n\n\n<p>En ese sentido, asever\u00f3 que en el reporte previo, correspondiente a septiembre,\u00a0los alcaldes no incluyeron datos relacionados con recortes de personal que hubieran sido aplicados como parte del ahorro\u00a0que se requiere, por el ajuste de las participaciones federales.<\/p>\n\n\n\n<p>Sin embargo, reconoci\u00f3 que\u00a0en el ayuntamiento de\u00a0Ixtaczoquitl\u00e1n\u00a0s\u00ed se han realizado despidos, los cuales se podr\u00edan relacionar con el tema del ahorro en los recursos.<\/p>\n\n\n\n<p>En los primeros d\u00edas de septiembre pasado, el alcalde de\u00a0Alvarado,\u00a0Bogar Ruiz Rosas, dio a conocer que se aplicar\u00eda un recorte de personal de manera temporal, debido a la crisis financiera que dej\u00f3 la pandemia del Covid-19.<\/p>\n\n\n\n<p>Con un comunicado publicado en las redes oficiales del ayuntamiento, se indic\u00f3 que\u00a0se ten\u00eda una baja considerable en la recaudaci\u00f3n de los impuestos municipales, por lo que se tom\u00f3 la decisi\u00f3n de realizar tal ajuste.<\/p>\n\n\n\n<p>Se explic\u00f3 que\u00a0se realizar\u00eda un recorte salarial de hasta un 50 por ciento en la n\u00f3mina\u00a0para el personal de confianza en cargos de mayor nivel. El edil ya hab\u00eda mencionado las dificultades econ\u00f3micas que se tendr\u00edan con el ajuste a las participaciones federales.<\/p>\n\n\n\n<p>En agosto,\u00a0el presidente municipal de\u00a0Las Choapas,\u00a0Miguel \u00c1ngel Tronco G\u00f3mez, anunci\u00f3 que se preparaba un plan de austeridad que inclu\u00eda el recorte de personal de confianza, reajuste en gastos de combustible, en vi\u00e1ticos y la posible fusi\u00f3n de departamentos.<\/p>\n\n\n\n<p>En ese entonces, asegur\u00f3 que\u00a0dicha decisi\u00f3n se tom\u00f3 por acuerdo del Cabildo, dado el reajuste presupuestal aplicado desde la Federaci\u00f3n, ya que al no considerar medidas como estas, se podr\u00edan tener dificultades para cubrir los gastos de diciembre.<\/p>\n\n\n\n<p>Mientras que el edil de\u00a0Teocelo,\u00a0Mario Chama D\u00edaz, manifest\u00f3 que se consideraba la posibilidad de reducir la n\u00f3mina\u00a0o, en su defecto, los salarios del personal de confianza, a fin de generar ahorros en los gastos.<\/p>\n\n\n\n<p>Explic\u00f3 que dicha acci\u00f3n se contemplaba, pues, aunque\u00a0el presupuesto federal es de 2 millones de pesos mensuales, se han hecho recortes de entre 400 mil a los 500 mil pesos\u00a0y en noviembre pasado alcanz\u00f3 una reducci\u00f3n de 900 mil pesos, lo que evita cumplir con los compromisos sociales y de servicios p\u00fablicos con la poblaci\u00f3n.<\/p>\n\n\n\n<p>Fuente: Diario de Xalapa<\/p>\n","protected":false},"excerpt":{"rendered":"<p>Ante el recorte a las participaciones federales que reciben los ayuntamientos, los Cabildos podr\u00edan considerar como una medida de ahorro el despido de personal de confianza, aunque el presidente de la\u00a0Comisi\u00f3n de Hacienda Municipal del Congreso local,\u00a0Augusto Nah\u00fam \u00c1lvarez Pellico, asegur\u00f3 que a la fecha no se tiene conocimiento de cu\u00e1ntos ayuntamientos ser\u00edan los que<a class=\"read-more\" href=\"https:\/\/globalnewsmexico.com\/sitio\/por-recorte-de-participaciones-preven-despido-de-personal-en-ayuntamientos-de-veracruz\/\">Leer m\u00e1s<\/a><\/p>\n","protected":false},"author":5,"featured_media":56041,"comment_status":"closed","ping_status":"open","sticky":false,"template":"","format":"standard","meta":{"spay_email":"","footnotes":""},"categories":[37,8,50,52],"tags":[],"jetpack_featured_media_url":"https:\/\/i0.wp.com\/globalnewsmexico.com\/sitio\/wp-content\/uploads\/2020\/10\/sam_0655.jpg?fit=1024%2C670&ssl=1","jetpack_sharing_enabled":true,"jetpack_shortlink":"https:\/\/wp.me\/p9yqPL-ezS","jetpack_likes_enabled":true,"_links":{"self":[{"href":"https:\/\/globalnewsmexico.com\/sitio\/wp-json\/wp\/v2\/posts\/56040"}],"collection":[{"href":"https:\/\/globalnewsmexico.com\/sitio\/wp-json\/wp\/v2\/posts"}],"about":[{"href":"https:\/\/globalnewsmexico.com\/sitio\/wp-json\/wp\/v2\/types\/post"}],"author":[{"embeddable":true,"href":"https:\/\/globalnewsmexico.com\/sitio\/wp-json\/wp\/v2\/users\/5"}],"replies":[{"embeddable":true,"href":"https:\/\/globalnewsmexico.com\/sitio\/wp-json\/wp\/v2\/comments?post=56040"}],"version-history":[{"count":0,"href":"https:\/\/globalnewsmexico.com\/sitio\/wp-json\/wp\/v2\/posts\/56040\/revisions"}],"wp:featuredmedia":[{"embeddable":true,"href":"https:\/\/globalnewsmexico.com\/sitio\/wp-json\/wp\/v2\/media\/56041"}],"wp:attachment":[{"href":"https:\/\/globalnewsmexico.com\/sitio\/wp-json\/wp\/v2\/media?parent=56040"}],"wp:term":[{"taxonomy":"category","embeddable":true,"href":"https:\/\/globalnewsmexico.com\/sitio\/wp-json\/wp\/v2\/categories?post=56040"},{"taxonomy":"post_tag","embeddable":true,"href":"https:\/\/globalnewsmexico.com\/sitio\/wp-json\/wp\/v2\/tags?post=56040"}],"curies":[{"name":"wp","href":"https:\/\/api.w.org\/{rel}","templated":true}]}}