{"id":56158,"date":"2020-10-28T10:59:57","date_gmt":"2020-10-28T16:59:57","guid":{"rendered":"http:\/\/globalnewsmexico.com\/sitio\/?p=56158"},"modified":"2020-10-28T11:00:02","modified_gmt":"2020-10-28T17:00:02","slug":"casos-de-covid-19-superan-los-2-millones-en-una-semana-oms","status":"publish","type":"post","link":"https:\/\/globalnewsmexico.com\/sitio\/casos-de-covid-19-superan-los-2-millones-en-una-semana-oms\/","title":{"rendered":"Casos de Covid-19 superan los 2 millones en una semana: OMS"},"content":{"rendered":"\n<p>A nivel mundial, se confirmaron m\u00e1s de\u00a0dos millones de nuevos casos\u00a0de coronavirus durante la \u00faltima semana, el periodo m\u00e1s corto para ese crecimiento exponencial desde el inicio de la pandemia, dijo la\u00a0Organizaci\u00f3n Mundial de la Salud (OMS).<\/p>\n\n\n\n<p>En su an\u00e1lisis semanal del Covid-19, la OMS explic\u00f3 que, por segunda semana consecutiva, Europa fue la\u00a0regi\u00f3n con m\u00e1s contagios, superando m\u00e1s de un mill\u00f3n 300 mil infecciones o alrededor del 46 por ciento del total global.<\/p>\n\n\n\n<p>La agencia de salud de Naciones Unidas apunt\u00f3 que las muertes tambi\u00e9n iban en aumento en el continente, con un\u00a0repunte de cerca del 35 por ciento\u00a0con respecto a la semana anterior.<\/p>\n\n\n\n<p>\u201cAunque el n\u00famero de decesos est\u00e1 aumentado de forma gradual, la proporci\u00f3n de fallecimientos sigue siendo relativamente baja comparada con la fase inicial de la pandemia en primavera\u00bb, se\u00f1al\u00f3 la OMS.<\/p>\n\n\n\n<p>Las hospitalizaciones y ocupaci\u00f3n de las unidades de cuidados intensivos por el Covid-19 se incrementaron en 21 naciones europeas, a\u00f1adi\u00f3 la agencia, que estim\u00f3 que alrededor del 18 por ciento de los pacientes con el virus necesitaron hospitalizaci\u00f3n y alrededor del siete por ciento de ellos tuvo que entrar en\u00a0cuidados intensivos o usar respirador.<\/p>\n\n\n\n<p>Seg\u00fan la OMS, los pa\u00edses que reportan el mayor n\u00famero de\u00a0infecciones a nivel global\u00a0no cambian desde hace tres semanas: India, Estados Unidos, Francia, Brasil y Gran Breta\u00f1a.<\/p>\n\n\n\n<p>Fuente: Agencias<\/p>\n","protected":false},"excerpt":{"rendered":"<p>A nivel mundial, se confirmaron m\u00e1s de\u00a0dos millones de nuevos casos\u00a0de coronavirus durante la \u00faltima semana, el periodo m\u00e1s corto para ese crecimiento exponencial desde el inicio de la pandemia, dijo la\u00a0Organizaci\u00f3n Mundial de la Salud (OMS). En su an\u00e1lisis semanal del Covid-19, la OMS explic\u00f3 que, por segunda semana consecutiva, Europa fue la\u00a0regi\u00f3n con<a class=\"read-more\" href=\"https:\/\/globalnewsmexico.com\/sitio\/casos-de-covid-19-superan-los-2-millones-en-una-semana-oms\/\">Leer m\u00e1s<\/a><\/p>\n","protected":false},"author":5,"featured_media":50342,"comment_status":"closed","ping_status":"open","sticky":false,"template":"","format":"standard","meta":{"spay_email":"","footnotes":""},"categories":[37,8,48,52],"tags":[],"jetpack_featured_media_url":"https:\/\/i1.wp.com\/globalnewsmexico.com\/sitio\/wp-content\/uploads\/2020\/07\/coronavirus_mexico_reuters.jpg_578925998.jpg?fit=1040%2C693&ssl=1","jetpack_sharing_enabled":true,"jetpack_shortlink":"https:\/\/wp.me\/p9yqPL-eBM","jetpack_likes_enabled":true,"_links":{"self":[{"href":"https:\/\/globalnewsmexico.com\/sitio\/wp-json\/wp\/v2\/posts\/56158"}],"collection":[{"href":"https:\/\/globalnewsmexico.com\/sitio\/wp-json\/wp\/v2\/posts"}],"about":[{"href":"https:\/\/globalnewsmexico.com\/sitio\/wp-json\/wp\/v2\/types\/post"}],"author":[{"embeddable":true,"href":"https:\/\/globalnewsmexico.com\/sitio\/wp-json\/wp\/v2\/users\/5"}],"replies":[{"embeddable":true,"href":"https:\/\/globalnewsmexico.com\/sitio\/wp-json\/wp\/v2\/comments?post=56158"}],"version-history":[{"count":0,"href":"https:\/\/globalnewsmexico.com\/sitio\/wp-json\/wp\/v2\/posts\/56158\/revisions"}],"wp:featuredmedia":[{"embeddable":true,"href":"https:\/\/globalnewsmexico.com\/sitio\/wp-json\/wp\/v2\/media\/50342"}],"wp:attachment":[{"href":"https:\/\/globalnewsmexico.com\/sitio\/wp-json\/wp\/v2\/media?parent=56158"}],"wp:term":[{"taxonomy":"category","embeddable":true,"href":"https:\/\/globalnewsmexico.com\/sitio\/wp-json\/wp\/v2\/categories?post=56158"},{"taxonomy":"post_tag","embeddable":true,"href":"https:\/\/globalnewsmexico.com\/sitio\/wp-json\/wp\/v2\/tags?post=56158"}],"curies":[{"name":"wp","href":"https:\/\/api.w.org\/{rel}","templated":true}]}}