{"id":56189,"date":"2020-10-28T15:54:21","date_gmt":"2020-10-28T21:54:21","guid":{"rendered":"http:\/\/globalnewsmexico.com\/sitio\/?p=56189"},"modified":"2020-10-28T15:54:27","modified_gmt":"2020-10-28T21:54:27","slug":"reportan-balacera-en-texistepec-veracruz","status":"publish","type":"post","link":"https:\/\/globalnewsmexico.com\/sitio\/reportan-balacera-en-texistepec-veracruz\/","title":{"rendered":"Reportan balacera en Texistepec, Veracruz"},"content":{"rendered":"\n<p>La tarde de este mi\u00e9rcoles, habitantes de Texistepec, Veracruz, reportaron una balacera en calles de la localidad, as\u00ed como cateos en varios domicilios, los cuales se habr\u00edan extendido al municipio de Sayula de Alem\u00e1n.<\/p>\n\n\n\n<p>De acuerdo con los primeros reportes, la balacera fue protagonizada por grupos delincuenciales que hasta el momento no han sido identificados.<\/p>\n\n\n\n<p>Tras estos hechos, se registraron cateos en diversos domicilios de la cabecera municipal, as\u00ed como en la comunidad de Almagres, en Sayula de Alem\u00e1n, donde el pasado lunes tuvo lugar un ataque contra elementos de la Fuerza Civil, el cual dej\u00f3 un oficial y un presunto delincuente muertos.<\/p>\n","protected":false},"excerpt":{"rendered":"<p>La tarde de este mi\u00e9rcoles, habitantes de Texistepec, Veracruz, reportaron una balacera en calles de la localidad, as\u00ed como cateos en varios domicilios, los cuales se habr\u00edan extendido al municipio de Sayula de Alem\u00e1n. De acuerdo con los primeros reportes, la balacera fue protagonizada por grupos delincuenciales que hasta el momento no han sido identificados.<a class=\"read-more\" href=\"https:\/\/globalnewsmexico.com\/sitio\/reportan-balacera-en-texistepec-veracruz\/\">Leer m\u00e1s<\/a><\/p>\n","protected":false},"author":5,"featured_media":56190,"comment_status":"closed","ping_status":"open","sticky":false,"template":"","format":"standard","meta":{"spay_email":"","footnotes":""},"categories":[37,8,50,52],"tags":[],"jetpack_featured_media_url":"https:\/\/i2.wp.com\/globalnewsmexico.com\/sitio\/wp-content\/uploads\/2020\/10\/123046058_3694119730632518_2809023404751142227_n.jpg?fit=1024%2C658&ssl=1","jetpack_sharing_enabled":true,"jetpack_shortlink":"https:\/\/wp.me\/p9yqPL-eCh","jetpack_likes_enabled":true,"_links":{"self":[{"href":"https:\/\/globalnewsmexico.com\/sitio\/wp-json\/wp\/v2\/posts\/56189"}],"collection":[{"href":"https:\/\/globalnewsmexico.com\/sitio\/wp-json\/wp\/v2\/posts"}],"about":[{"href":"https:\/\/globalnewsmexico.com\/sitio\/wp-json\/wp\/v2\/types\/post"}],"author":[{"embeddable":true,"href":"https:\/\/globalnewsmexico.com\/sitio\/wp-json\/wp\/v2\/users\/5"}],"replies":[{"embeddable":true,"href":"https:\/\/globalnewsmexico.com\/sitio\/wp-json\/wp\/v2\/comments?post=56189"}],"version-history":[{"count":0,"href":"https:\/\/globalnewsmexico.com\/sitio\/wp-json\/wp\/v2\/posts\/56189\/revisions"}],"wp:featuredmedia":[{"embeddable":true,"href":"https:\/\/globalnewsmexico.com\/sitio\/wp-json\/wp\/v2\/media\/56190"}],"wp:attachment":[{"href":"https:\/\/globalnewsmexico.com\/sitio\/wp-json\/wp\/v2\/media?parent=56189"}],"wp:term":[{"taxonomy":"category","embeddable":true,"href":"https:\/\/globalnewsmexico.com\/sitio\/wp-json\/wp\/v2\/categories?post=56189"},{"taxonomy":"post_tag","embeddable":true,"href":"https:\/\/globalnewsmexico.com\/sitio\/wp-json\/wp\/v2\/tags?post=56189"}],"curies":[{"name":"wp","href":"https:\/\/api.w.org\/{rel}","templated":true}]}}