{"id":56218,"date":"2020-10-29T09:52:22","date_gmt":"2020-10-29T15:52:22","guid":{"rendered":"http:\/\/globalnewsmexico.com\/sitio\/?p=56218"},"modified":"2020-10-29T09:52:29","modified_gmt":"2020-10-29T15:52:29","slug":"pese-a-covid-19-realizan-fiestas-en-veracruz-acusa-secretario-de-salud","status":"publish","type":"post","link":"https:\/\/globalnewsmexico.com\/sitio\/pese-a-covid-19-realizan-fiestas-en-veracruz-acusa-secretario-de-salud\/","title":{"rendered":"Pese a Covid-19 realizan fiestas en Veracruz, acusa secretario de Salud"},"content":{"rendered":"\n<p>En medio de la pandemia por el coronavirus, el secretario de Salud de Veracruz, Roberto Ramos Alor, denunci\u00f3 que en los municipios de Coatzacoalcos, Veracruz, Xalapa y Poza Rica los j\u00f3venes, principalmente, han realizado fiestas, lo que compromete su salud y la de sus familiares.<\/p>\n\n\n\n<p>\u00abEl exhorto es evitar concentraciones en antros y la v\u00eda p\u00fablica, con el objetivo de frenar la propagaci\u00f3n del coronavirus\u00bb, dijo.<\/p>\n\n\n\n<p>En otro tema, el secretario de Salud inform\u00f3 que en los pr\u00f3ximos d\u00edas iniciar\u00e1 la segunda etapa de vacunaci\u00f3n contra la influenza estacional, cuyo lema es &#8216;Por tu bienestar y el de tu familia, \u00a1vac\u00fanense!&#8217;.<\/p>\n\n\n\n<p>La prioridad son ni\u00f1os de seis meses a cinco a\u00f1os de edad, adultos mayores a partir de los 60 y poblaci\u00f3n con factores de riesgo: VIH, inmunosupresi\u00f3n, neumopat\u00eda (cong\u00e9nita o cr\u00f3nica), asma, obesidad, diabetes, hipertensi\u00f3n, cardiopat\u00eda (cong\u00e9nita o cr\u00f3nica), nefropat\u00eda y c\u00e1ncer.<\/p>\n\n\n\n<p>Para asesor\u00eda o informaci\u00f3n acerca de s\u00edntomas y d\u00f3nde atenderte, comun\u00edcate al (800) 012 3456; si notas dificultad al respirar, acude lo antes posible a Urgencias del hospital m\u00e1s cercano o llama al 911.<\/p>\n","protected":false},"excerpt":{"rendered":"<p>En medio de la pandemia por el coronavirus, el secretario de Salud de Veracruz, Roberto Ramos Alor, denunci\u00f3 que en los municipios de Coatzacoalcos, Veracruz, Xalapa y Poza Rica los j\u00f3venes, principalmente, han realizado fiestas, lo que compromete su salud y la de sus familiares. \u00abEl exhorto es evitar concentraciones en antros y la v\u00eda<a class=\"read-more\" href=\"https:\/\/globalnewsmexico.com\/sitio\/pese-a-covid-19-realizan-fiestas-en-veracruz-acusa-secretario-de-salud\/\">Leer m\u00e1s<\/a><\/p>\n","protected":false},"author":5,"featured_media":56220,"comment_status":"closed","ping_status":"open","sticky":false,"template":"","format":"standard","meta":{"spay_email":"","footnotes":""},"categories":[37,8,50,52],"tags":[],"jetpack_featured_media_url":"https:\/\/i1.wp.com\/globalnewsmexico.com\/sitio\/wp-content\/uploads\/2020\/10\/IMG-20201029-WA0000.jpg?fit=1280%2C853&ssl=1","jetpack_sharing_enabled":true,"jetpack_shortlink":"https:\/\/wp.me\/p9yqPL-eCK","jetpack_likes_enabled":true,"_links":{"self":[{"href":"https:\/\/globalnewsmexico.com\/sitio\/wp-json\/wp\/v2\/posts\/56218"}],"collection":[{"href":"https:\/\/globalnewsmexico.com\/sitio\/wp-json\/wp\/v2\/posts"}],"about":[{"href":"https:\/\/globalnewsmexico.com\/sitio\/wp-json\/wp\/v2\/types\/post"}],"author":[{"embeddable":true,"href":"https:\/\/globalnewsmexico.com\/sitio\/wp-json\/wp\/v2\/users\/5"}],"replies":[{"embeddable":true,"href":"https:\/\/globalnewsmexico.com\/sitio\/wp-json\/wp\/v2\/comments?post=56218"}],"version-history":[{"count":0,"href":"https:\/\/globalnewsmexico.com\/sitio\/wp-json\/wp\/v2\/posts\/56218\/revisions"}],"wp:featuredmedia":[{"embeddable":true,"href":"https:\/\/globalnewsmexico.com\/sitio\/wp-json\/wp\/v2\/media\/56220"}],"wp:attachment":[{"href":"https:\/\/globalnewsmexico.com\/sitio\/wp-json\/wp\/v2\/media?parent=56218"}],"wp:term":[{"taxonomy":"category","embeddable":true,"href":"https:\/\/globalnewsmexico.com\/sitio\/wp-json\/wp\/v2\/categories?post=56218"},{"taxonomy":"post_tag","embeddable":true,"href":"https:\/\/globalnewsmexico.com\/sitio\/wp-json\/wp\/v2\/tags?post=56218"}],"curies":[{"name":"wp","href":"https:\/\/api.w.org\/{rel}","templated":true}]}}