{"id":56226,"date":"2020-10-29T10:56:31","date_gmt":"2020-10-29T16:56:31","guid":{"rendered":"http:\/\/globalnewsmexico.com\/sitio\/?p=56226"},"modified":"2020-10-29T10:56:38","modified_gmt":"2020-10-29T16:56:38","slug":"publican-en-dof-decreto-sobre-duelo-nacional-por-muertos-de-coronavirus","status":"publish","type":"post","link":"https:\/\/globalnewsmexico.com\/sitio\/publican-en-dof-decreto-sobre-duelo-nacional-por-muertos-de-coronavirus\/","title":{"rendered":"Publican en DOF decreto sobre duelo nacional por muertos de coronavirus"},"content":{"rendered":"\n<p>En el marco del D\u00eda de Muertos, el 31 de octubre, as\u00ed como el 1 y 2 de noviembre, ser\u00e1n considerados como\u00a0d\u00edas de duelo para todo M\u00e9xico, para conmemorar a los m\u00e1s de\u00a090 mil fallecidos a causa de la pandemia del Covid-19.<\/p>\n\n\n\n<p>A trav\u00e9s de un decreto publicado por la Secretar\u00eda de Gobernaci\u00f3n (Segob), a nombre del presidente Andr\u00e9s Manuel L\u00f3pez Obrador, se detalla que a pesar de las diversas medidas que se han tomado desde el Gobierno federal para mitigar y controlar \u201cesta terrible enfermedad\u201d, este mi\u00e9rcoles el pa\u00eds lleg\u00f3 a 90 mil 309 decesos y 906 mil 863 contagios.<\/p>\n\n\n\n<p>El dictamen fue publicado en la edici\u00f3n matutina del Diario Oficial de la Federaci\u00f3n (DOF), en el que tambi\u00e9n se destaca que, en se\u00f1al de duelo nacional, se izar\u00e1 la bandera nacional a media asta durante este periodo.<\/p>\n\n\n\n<p>Por este medio, el Gobierno expres\u00f3 sus condolencias a las familias de cada uno de fallecidos y reiter\u00f3 su solidaridad con todos los mexicanos afectados por la pandemia. Destac\u00f3 que estas fechas son pertinentes para la conmemoraci\u00f3n de las v\u00edctimas del Covid-19, pues estas actividades se desarrollar\u00e1n en el marco de la celebraci\u00f3n del D\u00eda de Muertos.<\/p>\n\n\n\n<p>\u201cResulta pertinente que, con el mayor respeto y fraternidad, se honre y recuerde a cada uno de los mexicanos que han perdido la vida en el \u00faltimo a\u00f1o a causa de la enfermedad causada por el virus SARS-CoV2\u201d, detalla el documento.<\/p>\n\n\n\n<p>Fuente: Milenio<\/p>\n","protected":false},"excerpt":{"rendered":"<p>En el marco del D\u00eda de Muertos, el 31 de octubre, as\u00ed como el 1 y 2 de noviembre, ser\u00e1n considerados como\u00a0d\u00edas de duelo para todo M\u00e9xico, para conmemorar a los m\u00e1s de\u00a090 mil fallecidos a causa de la pandemia del Covid-19. A trav\u00e9s de un decreto publicado por la Secretar\u00eda de Gobernaci\u00f3n (Segob), a<a class=\"read-more\" href=\"https:\/\/globalnewsmexico.com\/sitio\/publican-en-dof-decreto-sobre-duelo-nacional-por-muertos-de-coronavirus\/\">Leer m\u00e1s<\/a><\/p>\n","protected":false},"author":5,"featured_media":56227,"comment_status":"closed","ping_status":"open","sticky":false,"template":"","format":"standard","meta":{"spay_email":"","footnotes":""},"categories":[37,8,39,52],"tags":[],"jetpack_featured_media_url":"https:\/\/i1.wp.com\/globalnewsmexico.com\/sitio\/wp-content\/uploads\/2020\/10\/bandera-izada-media-asta-simbolo_0_0_1200_746.jpg?fit=958%2C596&ssl=1","jetpack_sharing_enabled":true,"jetpack_shortlink":"https:\/\/wp.me\/p9yqPL-eCS","jetpack_likes_enabled":true,"_links":{"self":[{"href":"https:\/\/globalnewsmexico.com\/sitio\/wp-json\/wp\/v2\/posts\/56226"}],"collection":[{"href":"https:\/\/globalnewsmexico.com\/sitio\/wp-json\/wp\/v2\/posts"}],"about":[{"href":"https:\/\/globalnewsmexico.com\/sitio\/wp-json\/wp\/v2\/types\/post"}],"author":[{"embeddable":true,"href":"https:\/\/globalnewsmexico.com\/sitio\/wp-json\/wp\/v2\/users\/5"}],"replies":[{"embeddable":true,"href":"https:\/\/globalnewsmexico.com\/sitio\/wp-json\/wp\/v2\/comments?post=56226"}],"version-history":[{"count":0,"href":"https:\/\/globalnewsmexico.com\/sitio\/wp-json\/wp\/v2\/posts\/56226\/revisions"}],"wp:featuredmedia":[{"embeddable":true,"href":"https:\/\/globalnewsmexico.com\/sitio\/wp-json\/wp\/v2\/media\/56227"}],"wp:attachment":[{"href":"https:\/\/globalnewsmexico.com\/sitio\/wp-json\/wp\/v2\/media?parent=56226"}],"wp:term":[{"taxonomy":"category","embeddable":true,"href":"https:\/\/globalnewsmexico.com\/sitio\/wp-json\/wp\/v2\/categories?post=56226"},{"taxonomy":"post_tag","embeddable":true,"href":"https:\/\/globalnewsmexico.com\/sitio\/wp-json\/wp\/v2\/tags?post=56226"}],"curies":[{"name":"wp","href":"https:\/\/api.w.org\/{rel}","templated":true}]}}