{"id":56295,"date":"2020-10-29T19:47:19","date_gmt":"2020-10-30T01:47:19","guid":{"rendered":"http:\/\/globalnewsmexico.com\/sitio\/?p=56295"},"modified":"2020-10-29T19:47:24","modified_gmt":"2020-10-30T01:47:24","slug":"detienen-a-tres-presuntos-responsables-de-agresion-a-policias-en-sayula-de-aleman","status":"publish","type":"post","link":"https:\/\/globalnewsmexico.com\/sitio\/detienen-a-tres-presuntos-responsables-de-agresion-a-policias-en-sayula-de-aleman\/","title":{"rendered":"Detienen a tres presuntos responsables de agresi\u00f3n a polic\u00edas en Sayula de Alem\u00e1n"},"content":{"rendered":"\n<p>Derivado del operativo para ubicar a los agresores de los elementos de la Fuerza Civil en Sayula de Alem\u00e1n, la Secretar\u00eda de Seguridad P\u00fablica (SSP) de Veracruz captur\u00f3, a la altura de la localidad Los Gavilanes, a Ulises Gabriel &#8216;N&#8217;, alias &#8216;La Chencha&#8217;; Luis &#8216;N&#8217;, alias &#8216;El Seco&#8217;, y Guillermo Arturo &#8216;N&#8217; por los delitos de homicidio,\u00a0posesi\u00f3n ilegal de armas de fuego y robo de veh\u00edculo.<\/p>\n\n\n\n<p>En recorrido preventivo sobre la carretera Trans\u00edstmica, efectivos observaron una camioneta, cuyos ocupantes, al notar la presencia policial, aceleraron e inici\u00f3 una persecuci\u00f3n con intercambio de disparos que culmin\u00f3 con la intervenci\u00f3n de estos sujetos y el aseguramiento de armas de distintos calibres, cargadores, cartuchos y el veh\u00edculo.<\/p>\n\n\n\n<p>Con base en registros, los detenidos tienen antecedentes penales y est\u00e1n se\u00f1alados como supuestos integrantes de una c\u00e9lula del Cartel Jalisco Nueva Generaci\u00f3n (CJNG), que habr\u00eda orquestado los ataques contra los uniformados el pasado lunes, donde perdi\u00f3 la vida un oficial de la Fuerza Civil.<\/p>\n","protected":false},"excerpt":{"rendered":"<p>Derivado del operativo para ubicar a los agresores de los elementos de la Fuerza Civil en Sayula de Alem\u00e1n, la Secretar\u00eda de Seguridad P\u00fablica (SSP) de Veracruz captur\u00f3, a la altura de la localidad Los Gavilanes, a Ulises Gabriel &#8216;N&#8217;, alias &#8216;La Chencha&#8217;; Luis &#8216;N&#8217;, alias &#8216;El Seco&#8217;, y Guillermo Arturo &#8216;N&#8217; por los delitos<a class=\"read-more\" href=\"https:\/\/globalnewsmexico.com\/sitio\/detienen-a-tres-presuntos-responsables-de-agresion-a-policias-en-sayula-de-aleman\/\">Leer m\u00e1s<\/a><\/p>\n","protected":false},"author":5,"featured_media":56296,"comment_status":"closed","ping_status":"open","sticky":false,"template":"","format":"standard","meta":{"spay_email":"","footnotes":""},"categories":[37,8,50,52],"tags":[],"jetpack_featured_media_url":"https:\/\/i1.wp.com\/globalnewsmexico.com\/sitio\/wp-content\/uploads\/2020\/10\/Captura-6.jpg?fit=1040%2C1033&ssl=1","jetpack_sharing_enabled":true,"jetpack_shortlink":"https:\/\/wp.me\/p9yqPL-eDZ","jetpack_likes_enabled":true,"_links":{"self":[{"href":"https:\/\/globalnewsmexico.com\/sitio\/wp-json\/wp\/v2\/posts\/56295"}],"collection":[{"href":"https:\/\/globalnewsmexico.com\/sitio\/wp-json\/wp\/v2\/posts"}],"about":[{"href":"https:\/\/globalnewsmexico.com\/sitio\/wp-json\/wp\/v2\/types\/post"}],"author":[{"embeddable":true,"href":"https:\/\/globalnewsmexico.com\/sitio\/wp-json\/wp\/v2\/users\/5"}],"replies":[{"embeddable":true,"href":"https:\/\/globalnewsmexico.com\/sitio\/wp-json\/wp\/v2\/comments?post=56295"}],"version-history":[{"count":0,"href":"https:\/\/globalnewsmexico.com\/sitio\/wp-json\/wp\/v2\/posts\/56295\/revisions"}],"wp:featuredmedia":[{"embeddable":true,"href":"https:\/\/globalnewsmexico.com\/sitio\/wp-json\/wp\/v2\/media\/56296"}],"wp:attachment":[{"href":"https:\/\/globalnewsmexico.com\/sitio\/wp-json\/wp\/v2\/media?parent=56295"}],"wp:term":[{"taxonomy":"category","embeddable":true,"href":"https:\/\/globalnewsmexico.com\/sitio\/wp-json\/wp\/v2\/categories?post=56295"},{"taxonomy":"post_tag","embeddable":true,"href":"https:\/\/globalnewsmexico.com\/sitio\/wp-json\/wp\/v2\/tags?post=56295"}],"curies":[{"name":"wp","href":"https:\/\/api.w.org\/{rel}","templated":true}]}}