{"id":56361,"date":"2020-10-31T10:44:16","date_gmt":"2020-10-31T16:44:16","guid":{"rendered":"http:\/\/globalnewsmexico.com\/sitio\/?p=56361"},"modified":"2020-10-31T10:44:21","modified_gmt":"2020-10-31T16:44:21","slug":"dedican-altar-a-personal-medico-fallecido-por-covid-19-en-veracruz","status":"publish","type":"post","link":"https:\/\/globalnewsmexico.com\/sitio\/dedican-altar-a-personal-medico-fallecido-por-covid-19-en-veracruz\/","title":{"rendered":"Dedican altar a personal m\u00e9dico fallecido por Covid-19 en Veracruz"},"content":{"rendered":"\n<p>Empleados sindicalizados del Hospital de Alta Especialidad de Veracruz instalaron un altar de muertos, dedicado al personal m\u00e9dico que ha fallecido tanto por el coronavirus como por otras enfermedades.<\/p>\n\n\n\n<p>El altar, ubicado en el segundo piso del hospital, tiene el tradicional papel picado, calaveritas de az\u00facar, velas, pan, frutas, alimentos y flores, as\u00ed como un mensaje y las fotos de las personas que se han adelantado en el camino.<\/p>\n\n\n\n<p>En el altar hay diversas fotos del personal que falleci\u00f3, la mayor\u00eda por coronavirus, entre ellos: el doctor Jorge Arturo, el se\u00f1or &nbsp;\u00c1lvaro Aldan Portugal, el doctor Rafael de Jes\u00fas Niaves Mart\u00edn y el doctor&nbsp;Jorge Arturo Mart\u00ednez, as\u00ed como el doctor Arturo Baltazar Becerra, doctor Francisco Perez King, entre otros. La mayor\u00eda permanecieron en sus domicilios por la contingencia generada por la pandemia.<\/p>\n\n\n\n<p>Adem\u00e1s, en el altar aparecen las fotos del oftalm\u00f3logo Jorge Nicol\u00e1s Chantiri Perez y&nbsp;la trabajadora social&nbsp; Cira Almendra Leon, quienes fallecieron por otras causas.<\/p>\n\n\n\n<p>El altar de muertos fue instalado por empleados de la secci\u00f3n 40 del Sindicato Nacional de Trabajadores al Servicio de la Salud.<\/p>\n\n\n\n<p>Fuente: Xeu Noticias<\/p>\n","protected":false},"excerpt":{"rendered":"<p>Empleados sindicalizados del Hospital de Alta Especialidad de Veracruz instalaron un altar de muertos, dedicado al personal m\u00e9dico que ha fallecido tanto por el coronavirus como por otras enfermedades. El altar, ubicado en el segundo piso del hospital, tiene el tradicional papel picado, calaveritas de az\u00facar, velas, pan, frutas, alimentos y flores, as\u00ed como un<a class=\"read-more\" href=\"https:\/\/globalnewsmexico.com\/sitio\/dedican-altar-a-personal-medico-fallecido-por-covid-19-en-veracruz\/\">Leer m\u00e1s<\/a><\/p>\n","protected":false},"author":5,"featured_media":56362,"comment_status":"closed","ping_status":"open","sticky":false,"template":"","format":"standard","meta":{"spay_email":"","footnotes":""},"categories":[37,8,50,52],"tags":[],"jetpack_featured_media_url":"https:\/\/i0.wp.com\/globalnewsmexico.com\/sitio\/wp-content\/uploads\/2020\/10\/1128449.jpg?fit=1024%2C683&ssl=1","jetpack_sharing_enabled":true,"jetpack_shortlink":"https:\/\/wp.me\/p9yqPL-eF3","jetpack_likes_enabled":true,"_links":{"self":[{"href":"https:\/\/globalnewsmexico.com\/sitio\/wp-json\/wp\/v2\/posts\/56361"}],"collection":[{"href":"https:\/\/globalnewsmexico.com\/sitio\/wp-json\/wp\/v2\/posts"}],"about":[{"href":"https:\/\/globalnewsmexico.com\/sitio\/wp-json\/wp\/v2\/types\/post"}],"author":[{"embeddable":true,"href":"https:\/\/globalnewsmexico.com\/sitio\/wp-json\/wp\/v2\/users\/5"}],"replies":[{"embeddable":true,"href":"https:\/\/globalnewsmexico.com\/sitio\/wp-json\/wp\/v2\/comments?post=56361"}],"version-history":[{"count":0,"href":"https:\/\/globalnewsmexico.com\/sitio\/wp-json\/wp\/v2\/posts\/56361\/revisions"}],"wp:featuredmedia":[{"embeddable":true,"href":"https:\/\/globalnewsmexico.com\/sitio\/wp-json\/wp\/v2\/media\/56362"}],"wp:attachment":[{"href":"https:\/\/globalnewsmexico.com\/sitio\/wp-json\/wp\/v2\/media?parent=56361"}],"wp:term":[{"taxonomy":"category","embeddable":true,"href":"https:\/\/globalnewsmexico.com\/sitio\/wp-json\/wp\/v2\/categories?post=56361"},{"taxonomy":"post_tag","embeddable":true,"href":"https:\/\/globalnewsmexico.com\/sitio\/wp-json\/wp\/v2\/tags?post=56361"}],"curies":[{"name":"wp","href":"https:\/\/api.w.org\/{rel}","templated":true}]}}