{"id":56373,"date":"2020-10-31T12:52:59","date_gmt":"2020-10-31T18:52:59","guid":{"rendered":"http:\/\/globalnewsmexico.com\/sitio\/?p=56373"},"modified":"2020-10-31T12:53:04","modified_gmt":"2020-10-31T18:53:04","slug":"con-ofrenda-inician-3-dias-de-luto-nacional-por-fallecidos-de-covid-19","status":"publish","type":"post","link":"https:\/\/globalnewsmexico.com\/sitio\/con-ofrenda-inician-3-dias-de-luto-nacional-por-fallecidos-de-covid-19\/","title":{"rendered":"Con ofrenda, inician 3 d\u00edas de luto nacional por fallecidos de Covid-19"},"content":{"rendered":"\n<p>El presidente Andr\u00e9s Manuel L\u00f3pez Obrador encabez\u00f3 la\u00a0inauguraci\u00f3n de la ofrenda, realizada por pueblos originarios en Palacio Nacional, en honor\u00a0a las v\u00edctimas de la pandemia\u00a0de Covid-19 en M\u00e9xico.<\/p>\n\n\n\n<p>En el marco del D\u00eda de Muertos, el mandatario declar\u00f3 los d\u00edas 31 de octubre, as\u00ed como el 1 y 2 de noviembre\u00a0como fechas de duelo nacional\u00a0para\u00a0honrar a las personas que fallecieron por coronavirus.\u00a0<\/p>\n\n\n\n<p>La Presidencia no oficializar\u00e1 ceremonias estos d\u00edas, con excepci\u00f3n de las ofrendas.<\/p>\n\n\n\n<p>Colocado en el patio central de Palacio Nacional, este homenaje denominado\u00a0&#8216;Una flor para cada alma&#8217;\u00a0busca conmemorar a los m\u00e1s de 91 mil muertos por el virus SARS-CoV-2.\u00a0<\/p>\n\n\n\n<p>Por razones de seguridad sanitaria,\u00a0no se permitir\u00e1 el acceso de la poblaci\u00f3n\u00a0al inmueble.\u00a0<\/p>\n\n\n\n<p>Integrantes de 20 pueblos originarios distintos encabezaron la ceremonia, en la que colocaron m\u00faltiples caminos de flores de cempas\u00fachil, y altares en los arcos del patio.<\/p>\n\n\n\n<p>\u201cAgradezco a las mujeres y los hombres de los pueblos originarios de las distintas culturas del M\u00e9xico profundo que han participado en la creaci\u00f3n y adorno de estos altares. Estar\u00e1n en estos d\u00edas pidiendo al creador, a los dioses y a la naturaleza, mediante rezos e invocaciones, el descanso y la paz de los difuntos, as\u00ed como la resignaci\u00f3n y la tranquilidad de los familiares y amigos\u201d, dijo.<\/p>\n\n\n\n<p>En compa\u00f1\u00eda de su esposa, la escritora Beatriz Guti\u00e9rrez M\u00fcller, el presidente realiz\u00f3 un recorrido por los altares, en los que miembros de comunidades ind\u00edgenas explicaron el significados de los elementos en la ofrenda. Representando a la multiculturalidad, se montaron altares t\u00edpicos de Veracruz, Oaxaca, Puebla, Guanajuato, entre otros estados.<\/p>\n\n\n\n<p>Fuente: Milenio<\/p>\n","protected":false},"excerpt":{"rendered":"<p>El presidente Andr\u00e9s Manuel L\u00f3pez Obrador encabez\u00f3 la\u00a0inauguraci\u00f3n de la ofrenda, realizada por pueblos originarios en Palacio Nacional, en honor\u00a0a las v\u00edctimas de la pandemia\u00a0de Covid-19 en M\u00e9xico. En el marco del D\u00eda de Muertos, el mandatario declar\u00f3 los d\u00edas 31 de octubre, as\u00ed como el 1 y 2 de noviembre\u00a0como fechas de duelo nacional\u00a0para\u00a0honrar<a class=\"read-more\" href=\"https:\/\/globalnewsmexico.com\/sitio\/con-ofrenda-inician-3-dias-de-luto-nacional-por-fallecidos-de-covid-19\/\">Leer m\u00e1s<\/a><\/p>\n","protected":false},"author":5,"featured_media":56374,"comment_status":"closed","ping_status":"open","sticky":false,"template":"","format":"standard","meta":{"spay_email":"","footnotes":""},"categories":[37,8,39,52],"tags":[],"jetpack_featured_media_url":"https:\/\/i2.wp.com\/globalnewsmexico.com\/sitio\/wp-content\/uploads\/2020\/10\/colocadas-flores-patio-central-palacio.jpg?fit=958%2C596&ssl=1","jetpack_sharing_enabled":true,"jetpack_shortlink":"https:\/\/wp.me\/p9yqPL-eFf","jetpack_likes_enabled":true,"_links":{"self":[{"href":"https:\/\/globalnewsmexico.com\/sitio\/wp-json\/wp\/v2\/posts\/56373"}],"collection":[{"href":"https:\/\/globalnewsmexico.com\/sitio\/wp-json\/wp\/v2\/posts"}],"about":[{"href":"https:\/\/globalnewsmexico.com\/sitio\/wp-json\/wp\/v2\/types\/post"}],"author":[{"embeddable":true,"href":"https:\/\/globalnewsmexico.com\/sitio\/wp-json\/wp\/v2\/users\/5"}],"replies":[{"embeddable":true,"href":"https:\/\/globalnewsmexico.com\/sitio\/wp-json\/wp\/v2\/comments?post=56373"}],"version-history":[{"count":0,"href":"https:\/\/globalnewsmexico.com\/sitio\/wp-json\/wp\/v2\/posts\/56373\/revisions"}],"wp:featuredmedia":[{"embeddable":true,"href":"https:\/\/globalnewsmexico.com\/sitio\/wp-json\/wp\/v2\/media\/56374"}],"wp:attachment":[{"href":"https:\/\/globalnewsmexico.com\/sitio\/wp-json\/wp\/v2\/media?parent=56373"}],"wp:term":[{"taxonomy":"category","embeddable":true,"href":"https:\/\/globalnewsmexico.com\/sitio\/wp-json\/wp\/v2\/categories?post=56373"},{"taxonomy":"post_tag","embeddable":true,"href":"https:\/\/globalnewsmexico.com\/sitio\/wp-json\/wp\/v2\/tags?post=56373"}],"curies":[{"name":"wp","href":"https:\/\/api.w.org\/{rel}","templated":true}]}}