{"id":56378,"date":"2020-10-31T13:35:10","date_gmt":"2020-10-31T19:35:10","guid":{"rendered":"http:\/\/globalnewsmexico.com\/sitio\/?p=56378"},"modified":"2020-10-31T13:35:16","modified_gmt":"2020-10-31T19:35:16","slug":"en-espana-audiencia-nacional-cierra-caso-contra-humberto-moreira","status":"publish","type":"post","link":"https:\/\/globalnewsmexico.com\/sitio\/en-espana-audiencia-nacional-cierra-caso-contra-humberto-moreira\/","title":{"rendered":"En Espa\u00f1a, Audiencia Nacional cierra caso contra Humberto Moreira"},"content":{"rendered":"\n<p>El juicio contra\u00a0Humberto Moreira, exgobernador de Coahuila y exdirigente del PRI,\u00a0fue sobrese\u00eddo por la Audiencia Nacional de Espa\u00f1a,\u00a0en una \u00abresoluci\u00f3n firme para la que\u00a0no cabe interposici\u00f3n de recurso alguno\u00bb.<\/p>\n\n\n\n<p>En un comunicado, explic\u00f3 que la secci\u00f3n cuarta de la Audiencia Nacional\u00a0confirm\u00f3 la absoluci\u00f3n en contra del exmandatario estatal, al desestimar \u00edntegramente el recurso de apelaci\u00f3n formulado por el Ministerio Fiscal.<\/p>\n\n\n\n<p>\u00abLa Secci\u00f3n Cuarta de la Audiencia Nacional de Espa\u00f1a, Sala compuesta por las Magistradas Teresa Palacios Criado (Magistrada-Ponente), \u00c1ngela Murillo Bordallo y el Magistrado Juan Francisco Martel Rivero, ha resuelto confirmar la decisi\u00f3n de sobreseimiento acordada el 31 de agosto por el Juzgado Central de Instrucci\u00f3n n\u00famero 1, desestimando el recurso de reforma y subsidiario de apelaci\u00f3n interpuesto por el Ministerio Fiscal\u00bb, indic\u00f3<\/p>\n\n\n\n<p>En el documento, se destac\u00f3 que Humberto Moreira Vald\u00e9s\u00a0asegur\u00f3 estar satisfecho por el reconocimiento a su inocencia\u00a0y lament\u00f3 las consecuencias que sufri\u00f3 su familia a causa de la investigaci\u00f3n.<\/p>\n\n\n\n<p>\u00abEl profesor Humberto Moreira Vald\u00e9s quiere hacer p\u00fablica su satisfacci\u00f3n por este nuevo y definitivo reconocimiento de su inocencia. Lamenta el enorme sufrimiento que su esposa, hijos y allegados han padecido a causa de las acusaciones de los que, desde hace a\u00f1os, no cesan su empe\u00f1o en ligarle a hechos de toda \u00edndole.\u00a0<\/p>\n\n\n\n<p>A diferencia de ellos, quienes est\u00e1n siendo juzgados, Humberto Moreira Vald\u00e9s s\u00ed tiene demostrada su inocencia\u00bb, destac\u00f3.<\/p>\n\n\n\n<p>En agosto de 2018, un juez espa\u00f1ol\u00a0reabri\u00f3 la investigaci\u00f3n por lavado de dinero\u00a0en contra de Moreira, ante las revelaciones realizadas por dos testigos a la Fiscal\u00eda Anticorrupci\u00f3n, informaron fuentes jur\u00eddicas.<\/p>\n\n\n\n<p>El magistrado Santiago Pedraz archiv\u00f3 la investigaci\u00f3n a Moreira en 2016, en contra del criterio de la Fiscal\u00eda, al no hallar indicios de que lavara dinero en Espa\u00f1a, procedente del narcotr\u00e1fico o de la corrupci\u00f3n, decisi\u00f3n que fue despu\u00e9s confirmada por la Audiencia Nacional.<\/p>\n\n\n\n<p>Fuente: Milenio<\/p>\n","protected":false},"excerpt":{"rendered":"<p>El juicio contra\u00a0Humberto Moreira, exgobernador de Coahuila y exdirigente del PRI,\u00a0fue sobrese\u00eddo por la Audiencia Nacional de Espa\u00f1a,\u00a0en una \u00abresoluci\u00f3n firme para la que\u00a0no cabe interposici\u00f3n de recurso alguno\u00bb. En un comunicado, explic\u00f3 que la secci\u00f3n cuarta de la Audiencia Nacional\u00a0confirm\u00f3 la absoluci\u00f3n en contra del exmandatario estatal, al desestimar \u00edntegramente el recurso de apelaci\u00f3n<a class=\"read-more\" href=\"https:\/\/globalnewsmexico.com\/sitio\/en-espana-audiencia-nacional-cierra-caso-contra-humberto-moreira\/\">Leer m\u00e1s<\/a><\/p>\n","protected":false},"author":5,"featured_media":56379,"comment_status":"closed","ping_status":"open","sticky":false,"template":"","format":"standard","meta":{"spay_email":"","footnotes":""},"categories":[37,8,39,52],"tags":[],"jetpack_featured_media_url":"https:\/\/i0.wp.com\/globalnewsmexico.com\/sitio\/wp-content\/uploads\/2020\/10\/humberto-moreira-valdes-gobernador-coahuila_0_3_1200_747.jpeg?fit=958%2C596&ssl=1","jetpack_sharing_enabled":true,"jetpack_shortlink":"https:\/\/wp.me\/p9yqPL-eFk","jetpack_likes_enabled":true,"_links":{"self":[{"href":"https:\/\/globalnewsmexico.com\/sitio\/wp-json\/wp\/v2\/posts\/56378"}],"collection":[{"href":"https:\/\/globalnewsmexico.com\/sitio\/wp-json\/wp\/v2\/posts"}],"about":[{"href":"https:\/\/globalnewsmexico.com\/sitio\/wp-json\/wp\/v2\/types\/post"}],"author":[{"embeddable":true,"href":"https:\/\/globalnewsmexico.com\/sitio\/wp-json\/wp\/v2\/users\/5"}],"replies":[{"embeddable":true,"href":"https:\/\/globalnewsmexico.com\/sitio\/wp-json\/wp\/v2\/comments?post=56378"}],"version-history":[{"count":0,"href":"https:\/\/globalnewsmexico.com\/sitio\/wp-json\/wp\/v2\/posts\/56378\/revisions"}],"wp:featuredmedia":[{"embeddable":true,"href":"https:\/\/globalnewsmexico.com\/sitio\/wp-json\/wp\/v2\/media\/56379"}],"wp:attachment":[{"href":"https:\/\/globalnewsmexico.com\/sitio\/wp-json\/wp\/v2\/media?parent=56378"}],"wp:term":[{"taxonomy":"category","embeddable":true,"href":"https:\/\/globalnewsmexico.com\/sitio\/wp-json\/wp\/v2\/categories?post=56378"},{"taxonomy":"post_tag","embeddable":true,"href":"https:\/\/globalnewsmexico.com\/sitio\/wp-json\/wp\/v2\/tags?post=56378"}],"curies":[{"name":"wp","href":"https:\/\/api.w.org\/{rel}","templated":true}]}}