{"id":56390,"date":"2020-10-31T16:59:06","date_gmt":"2020-10-31T22:59:06","guid":{"rendered":"http:\/\/globalnewsmexico.com\/sitio\/?p=56390"},"modified":"2020-10-31T16:59:11","modified_gmt":"2020-10-31T22:59:11","slug":"termoelectrica-en-morelos-es-traicion-de-amlo-nieto-de-emiliano-zapata","status":"publish","type":"post","link":"https:\/\/globalnewsmexico.com\/sitio\/termoelectrica-en-morelos-es-traicion-de-amlo-nieto-de-emiliano-zapata\/","title":{"rendered":"Termoel\u00e9ctrica en Morelos es \u00abtraici\u00f3n\u00bb de AMLO: nieto de Emiliano Zapata"},"content":{"rendered":"\n<p>El nieto del general Emiliano Zapata, Jorge Zapata Gonz\u00e1lez, se\u00f1al\u00f3 que desde que inici\u00f3 el Proyecto Integral Morelos (PIM), en el que se incluyen dos termoel\u00e9ctricas, un acueducto y un gasoducto, nunca estuvieron de acuerdo, y que ahora menos permitir\u00e1n que se lleven su agua para que funcione la termoel\u00e9ctrica en diciembre pr\u00f3ximo, como lo anunci\u00f3 el presidente Andr\u00e9s Manuel L\u00f3pez Obrador el mes pasado.<\/p>\n\n\n\n<p>De acuerdo con La Jornada, el l\u00edder campesino aclar\u00f3 que la negativa de los campesinos, ejidatarios y productores de la zona de San Pedro Apatlaco, Ayala, en contra del megaproyecto data desde el 2011 y 2012, cuando a\u00fan era un proyecto a finales del gobierno del panista Marco Antonio Adame y el expresidente Felipe Calder\u00f3n.<\/p>\n\n\n\n<p>Agreg\u00f3 que siguieron oponi\u00e9ndose a la obra durante el gobierno de Graco Ram\u00edrez y Enrique Pe\u00f1a Nieto, aunque estos con la fuerza p\u00fablica impusieron y comenzaron la construcci\u00f3n del Proyecto Integral Morelos de la Comisi\u00f3n Federal de Electricidad (CFE).<\/p>\n\n\n\n<p>La mayor\u00eda de los campesinos de la zona oriente de Morelos confi\u00f3 y vot\u00f3 por el presidente Andr\u00e9s Manuel L\u00f3pez Obrador, aunque hoy, como Jorge Zapata Gonz\u00e1lez, se sienten traicionados, pues les ofreci\u00f3 un cambio a favor del pueblo y porque en una de sus visitas de campa\u00f1a a Morelos, les dijo que apoyaba su lucha, ya que esa obra en tierra de Emiliano Zapata era como poner un basurero en Jerusal\u00e9n.<\/p>\n\n\n\n<p>Cabe recordar que el pasado 10 de septiembre, el presidente L\u00f3pez Obrador anunci\u00f3 el inicio de operaciones de la termoel\u00e9ctrica de Morelos a finales del a\u00f1o en curso, argumentado que ya se hab\u00edan resuelto todos los amparos promovidos en contra de la obra (misma que representa una inversi\u00f3n de 20 mil millones de pesos).<\/p>\n\n\n\n<p>Sin embargo, el Frente de Pueblos en Defensa de la Tierra y el Agua de Morelos, Puebla y Tlaxcala, asegura que hay cuando menos 20 amparos vigentes en contra de este megaproyecto.<\/p>\n\n\n\n<p>Fuente: Xeu Noticias<\/p>\n","protected":false},"excerpt":{"rendered":"<p>El nieto del general Emiliano Zapata, Jorge Zapata Gonz\u00e1lez, se\u00f1al\u00f3 que desde que inici\u00f3 el Proyecto Integral Morelos (PIM), en el que se incluyen dos termoel\u00e9ctricas, un acueducto y un gasoducto, nunca estuvieron de acuerdo, y que ahora menos permitir\u00e1n que se lleven su agua para que funcione la termoel\u00e9ctrica en diciembre pr\u00f3ximo, como lo<a class=\"read-more\" href=\"https:\/\/globalnewsmexico.com\/sitio\/termoelectrica-en-morelos-es-traicion-de-amlo-nieto-de-emiliano-zapata\/\">Leer m\u00e1s<\/a><\/p>\n","protected":false},"author":5,"featured_media":56391,"comment_status":"closed","ping_status":"open","sticky":false,"template":"","format":"standard","meta":{"spay_email":"","footnotes":""},"categories":[37,8,40,52],"tags":[],"jetpack_featured_media_url":"https:\/\/i1.wp.com\/globalnewsmexico.com\/sitio\/wp-content\/uploads\/2020\/10\/1128495.jpg?fit=1024%2C682&ssl=1","jetpack_sharing_enabled":true,"jetpack_shortlink":"https:\/\/wp.me\/p9yqPL-eFw","jetpack_likes_enabled":true,"_links":{"self":[{"href":"https:\/\/globalnewsmexico.com\/sitio\/wp-json\/wp\/v2\/posts\/56390"}],"collection":[{"href":"https:\/\/globalnewsmexico.com\/sitio\/wp-json\/wp\/v2\/posts"}],"about":[{"href":"https:\/\/globalnewsmexico.com\/sitio\/wp-json\/wp\/v2\/types\/post"}],"author":[{"embeddable":true,"href":"https:\/\/globalnewsmexico.com\/sitio\/wp-json\/wp\/v2\/users\/5"}],"replies":[{"embeddable":true,"href":"https:\/\/globalnewsmexico.com\/sitio\/wp-json\/wp\/v2\/comments?post=56390"}],"version-history":[{"count":0,"href":"https:\/\/globalnewsmexico.com\/sitio\/wp-json\/wp\/v2\/posts\/56390\/revisions"}],"wp:featuredmedia":[{"embeddable":true,"href":"https:\/\/globalnewsmexico.com\/sitio\/wp-json\/wp\/v2\/media\/56391"}],"wp:attachment":[{"href":"https:\/\/globalnewsmexico.com\/sitio\/wp-json\/wp\/v2\/media?parent=56390"}],"wp:term":[{"taxonomy":"category","embeddable":true,"href":"https:\/\/globalnewsmexico.com\/sitio\/wp-json\/wp\/v2\/categories?post=56390"},{"taxonomy":"post_tag","embeddable":true,"href":"https:\/\/globalnewsmexico.com\/sitio\/wp-json\/wp\/v2\/tags?post=56390"}],"curies":[{"name":"wp","href":"https:\/\/api.w.org\/{rel}","templated":true}]}}