{"id":56467,"date":"2020-11-02T18:57:46","date_gmt":"2020-11-03T00:57:46","guid":{"rendered":"http:\/\/globalnewsmexico.com\/sitio\/?p=56467"},"modified":"2020-11-02T18:58:17","modified_gmt":"2020-11-03T00:58:17","slug":"decretan-semaforo-rojo-por-covid-19-en-durango-restringen-actividades","status":"publish","type":"post","link":"https:\/\/globalnewsmexico.com\/sitio\/decretan-semaforo-rojo-por-covid-19-en-durango-restringen-actividades\/","title":{"rendered":"Decretan sem\u00e1foro rojo por Covid-19 en Durango; restringen actividades"},"content":{"rendered":"\n<p>El gobernador de Durango, Jos\u00e9 Rosas Aispuro Torres, dijo que la entidad se encuentra en la fase m\u00e1s cr\u00edtica de la\u00a0pandemia por Covid-19, ya que\u00a0los contagios y muertes van en aumento, por lo que\u00a0se decret\u00f3 en el estado el sem\u00e1foro rojo.<\/p>\n\n\n\n<p>Aispuro mencion\u00f3 que<strong>\u00a0<\/strong>el Gobierno tiene la obligaci\u00f3n de proteger a los ciudadanos como a los m\u00e9dicos. Ante el aumento en la velocidad de contagio, se tom\u00f3 la decisi\u00f3n de decretar como sem\u00e1foro rojo y, desde el 3 hasta el 17 de noviembre, se aplicar\u00e1 la prohibici\u00f3n de venta de bebidas alcoh\u00f3licas\u00a0y se sancionar\u00e1 a quien venda.<\/p>\n\n\n\n<p><strong>\u200b\u00bfQu\u00e9 restricciones habr\u00e1?<\/strong><\/p>\n\n\n\n<p>Las restricciones de sem\u00e1foro rojo ser\u00e1n aplicadas a partir de ma\u00f1ana, cuando solo se podr\u00e1n realizar actividades esenciales de los sectores minero, forestal, energ\u00e9tico, pero con las medidas restrictivas necesarias.<\/p>\n\n\n\n<p>Supermercados al 50 por ciento y solamente puede entrar una persona por familia, adem\u00e1s en farmacias y restaurantes ser\u00e1 al 25 por ciento, mientras que en puestos de comida solo para llevar. Ninguna otra actividad ser\u00e1 permitida.<\/p>\n\n\n\n<p>Al personal de Gobierno que no labore y sea detectado en las calles, se le podr\u00eda rescindir su contrato.<\/p>\n\n\n\n<p>Los templos ser\u00e1n cerrados y no habr\u00e1 celebraciones, tambi\u00e9n se encuentran suspendidos los tr\u00e1mites como matrimonios.\u00a0Se sancionar\u00e1 a personas que organicen fiestas en salones y en casas particulares.<\/p>\n\n\n\n<p>En cuanto a transportes, no podr\u00e1 ser m\u00e1s de 50 por ciento del aforo permitido en los autobuses\u00a0y tendr\u00e1n mayor frecuencia de limpieza.<\/p>\n\n\n\n<p>De las 10 de la noche a las 5 de la ma\u00f1ana se reducir\u00e1 la movilidad en autom\u00f3vil a los ciudadanos\u00a0y se realizar\u00e1n, con las diversas corporaciones, operativos para invitar a la gente a estar en sus hogares.<\/p>\n\n\n\n<p>Las plazas p\u00fablicas, gimnasios y albercas se mantendr\u00e1n cerrados.\u00a0Se realizar\u00e1n las acciones que se requieran para reducir la cadena de contagio.<\/p>\n\n\n\n<p>Fuente: Milenio<\/p>\n","protected":false},"excerpt":{"rendered":"<p>El gobernador de Durango, Jos\u00e9 Rosas Aispuro Torres, dijo que la entidad se encuentra en la fase m\u00e1s cr\u00edtica de la\u00a0pandemia por Covid-19, ya que\u00a0los contagios y muertes van en aumento, por lo que\u00a0se decret\u00f3 en el estado el sem\u00e1foro rojo. Aispuro mencion\u00f3 que\u00a0el Gobierno tiene la obligaci\u00f3n de proteger a los ciudadanos como a<a class=\"read-more\" href=\"https:\/\/globalnewsmexico.com\/sitio\/decretan-semaforo-rojo-por-covid-19-en-durango-restringen-actividades\/\">Leer m\u00e1s<\/a><\/p>\n","protected":false},"author":5,"featured_media":56468,"comment_status":"closed","ping_status":"open","sticky":false,"template":"","format":"standard","meta":{"spay_email":"","footnotes":""},"categories":[37,8,39,52],"tags":[],"jetpack_featured_media_url":"https:\/\/i0.wp.com\/globalnewsmexico.com\/sitio\/wp-content\/uploads\/2020\/11\/gobernador-durango-jose-rosas-aispuro-12_0_27_1200_746.jpg?fit=958%2C596&ssl=1","jetpack_sharing_enabled":true,"jetpack_shortlink":"https:\/\/wp.me\/p9yqPL-eGL","jetpack_likes_enabled":true,"_links":{"self":[{"href":"https:\/\/globalnewsmexico.com\/sitio\/wp-json\/wp\/v2\/posts\/56467"}],"collection":[{"href":"https:\/\/globalnewsmexico.com\/sitio\/wp-json\/wp\/v2\/posts"}],"about":[{"href":"https:\/\/globalnewsmexico.com\/sitio\/wp-json\/wp\/v2\/types\/post"}],"author":[{"embeddable":true,"href":"https:\/\/globalnewsmexico.com\/sitio\/wp-json\/wp\/v2\/users\/5"}],"replies":[{"embeddable":true,"href":"https:\/\/globalnewsmexico.com\/sitio\/wp-json\/wp\/v2\/comments?post=56467"}],"version-history":[{"count":0,"href":"https:\/\/globalnewsmexico.com\/sitio\/wp-json\/wp\/v2\/posts\/56467\/revisions"}],"wp:featuredmedia":[{"embeddable":true,"href":"https:\/\/globalnewsmexico.com\/sitio\/wp-json\/wp\/v2\/media\/56468"}],"wp:attachment":[{"href":"https:\/\/globalnewsmexico.com\/sitio\/wp-json\/wp\/v2\/media?parent=56467"}],"wp:term":[{"taxonomy":"category","embeddable":true,"href":"https:\/\/globalnewsmexico.com\/sitio\/wp-json\/wp\/v2\/categories?post=56467"},{"taxonomy":"post_tag","embeddable":true,"href":"https:\/\/globalnewsmexico.com\/sitio\/wp-json\/wp\/v2\/tags?post=56467"}],"curies":[{"name":"wp","href":"https:\/\/api.w.org\/{rel}","templated":true}]}}