{"id":56482,"date":"2020-11-03T10:22:15","date_gmt":"2020-11-03T16:22:15","guid":{"rendered":"http:\/\/globalnewsmexico.com\/sitio\/?p=56482"},"modified":"2020-11-03T10:22:19","modified_gmt":"2020-11-03T16:22:19","slug":"rechazan-orden-de-aprehension-contra-videgaray-por-estar-mal-integrada","status":"publish","type":"post","link":"https:\/\/globalnewsmexico.com\/sitio\/rechazan-orden-de-aprehension-contra-videgaray-por-estar-mal-integrada\/","title":{"rendered":"Rechazan orden de aprehensi\u00f3n contra Videgaray por estar mal integrada"},"content":{"rendered":"\n<p>El presidente Andr\u00e9s Manuel L\u00f3pez Obrador confirm\u00f3 que la Fiscal\u00eda General de la Rep\u00fablica (FGR) solicit\u00f3 la orden de aprehensi\u00f3n contra el exsecretario de Hacienda, Luis Videgaray.<\/p>\n\n\n\n<p>El mandatario explic\u00f3 que la orden de aprehensi\u00f3n fue desechada por un juez por estar mal integrada la solicitud.<\/p>\n\n\n\n<p>El exfuncionario federal es acusado por cinco delitos: uno electoral, dos delitos de cohecho, uno de asociaci\u00f3n delictuosa y uno de traici\u00f3n a la patria.<\/p>\n\n\n\n<p>La orden de aprehensi\u00f3n se da luego de la denuncia del exdirector de Pemex, Emilio Lozoya.<\/p>\n\n\n\n<p>Fuente: Xeu Noticias<\/p>\n","protected":false},"excerpt":{"rendered":"<p>El presidente Andr\u00e9s Manuel L\u00f3pez Obrador confirm\u00f3 que la Fiscal\u00eda General de la Rep\u00fablica (FGR) solicit\u00f3 la orden de aprehensi\u00f3n contra el exsecretario de Hacienda, Luis Videgaray. El mandatario explic\u00f3 que la orden de aprehensi\u00f3n fue desechada por un juez por estar mal integrada la solicitud. El exfuncionario federal es acusado por cinco delitos: uno<a class=\"read-more\" href=\"https:\/\/globalnewsmexico.com\/sitio\/rechazan-orden-de-aprehension-contra-videgaray-por-estar-mal-integrada\/\">Leer m\u00e1s<\/a><\/p>\n","protected":false},"author":5,"featured_media":56483,"comment_status":"closed","ping_status":"open","sticky":false,"template":"","format":"standard","meta":{"spay_email":"","footnotes":""},"categories":[37,8,39,52],"tags":[],"jetpack_featured_media_url":"https:\/\/i1.wp.com\/globalnewsmexico.com\/sitio\/wp-content\/uploads\/2020\/11\/el-secretario-de-relaciones-exteriores_0_9_640_398.jpeg?fit=958%2C596&ssl=1","jetpack_sharing_enabled":true,"jetpack_shortlink":"https:\/\/wp.me\/p9yqPL-eH0","jetpack_likes_enabled":true,"_links":{"self":[{"href":"https:\/\/globalnewsmexico.com\/sitio\/wp-json\/wp\/v2\/posts\/56482"}],"collection":[{"href":"https:\/\/globalnewsmexico.com\/sitio\/wp-json\/wp\/v2\/posts"}],"about":[{"href":"https:\/\/globalnewsmexico.com\/sitio\/wp-json\/wp\/v2\/types\/post"}],"author":[{"embeddable":true,"href":"https:\/\/globalnewsmexico.com\/sitio\/wp-json\/wp\/v2\/users\/5"}],"replies":[{"embeddable":true,"href":"https:\/\/globalnewsmexico.com\/sitio\/wp-json\/wp\/v2\/comments?post=56482"}],"version-history":[{"count":0,"href":"https:\/\/globalnewsmexico.com\/sitio\/wp-json\/wp\/v2\/posts\/56482\/revisions"}],"wp:featuredmedia":[{"embeddable":true,"href":"https:\/\/globalnewsmexico.com\/sitio\/wp-json\/wp\/v2\/media\/56483"}],"wp:attachment":[{"href":"https:\/\/globalnewsmexico.com\/sitio\/wp-json\/wp\/v2\/media?parent=56482"}],"wp:term":[{"taxonomy":"category","embeddable":true,"href":"https:\/\/globalnewsmexico.com\/sitio\/wp-json\/wp\/v2\/categories?post=56482"},{"taxonomy":"post_tag","embeddable":true,"href":"https:\/\/globalnewsmexico.com\/sitio\/wp-json\/wp\/v2\/tags?post=56482"}],"curies":[{"name":"wp","href":"https:\/\/api.w.org\/{rel}","templated":true}]}}