{"id":56495,"date":"2020-11-03T12:48:05","date_gmt":"2020-11-03T18:48:05","guid":{"rendered":"http:\/\/globalnewsmexico.com\/sitio\/?p=56495"},"modified":"2020-11-03T12:48:16","modified_gmt":"2020-11-03T18:48:16","slug":"alcaldesa-de-iztapalapa-da-positivo-a-covid-19","status":"publish","type":"post","link":"https:\/\/globalnewsmexico.com\/sitio\/alcaldesa-de-iztapalapa-da-positivo-a-covid-19\/","title":{"rendered":"Alcaldesa de Iztapalapa da positivo a Covid-19"},"content":{"rendered":"\n<p>La alcaldesa de Iztapalapa,\u00a0Clara Brugada, dio positivo en la prueba de\u00a0Covid-19, inform\u00f3 a trav\u00e9s de su cuenta de Twitter.<\/p>\n\n\n\n<p>\u00abRecib\u00ed resultado positivo de\u00a0Covid-19. Me encuentro aislada, bien y trabajando. Estoy en comunicaci\u00f3n permanente con todas las \u00e1reas de la alcald\u00eda para coordinar y evaluar las acciones del gobierno. Seguimos trabajando sin interrupciones para proteger a la poblaci\u00f3n\u00bb, escribi\u00f3 en la red social.<\/p>\n\n\n\n<figure class=\"wp-block-embed-twitter aligncenter wp-block-embed is-type-rich is-provider-twitter\"><div class=\"wp-block-embed__wrapper\">\n<blockquote class=\"twitter-tweet\" data-width=\"550\" data-dnt=\"true\"><p lang=\"es\" dir=\"ltr\">Informo que recib\u00ed resultado positivo de COVID-19. Me encuentro aislada, bien y trabajando. Estoy en comunicaci\u00f3n permanente con todas las \u00e1reas de la alcald\u00eda para coordinar y evaluar las acciones del gobierno.Seguimos trabajando sin interrupciones para proteger a la poblaci\u00f3n.<\/p>&mdash; Clara Brugada Molina (@ClaraBrugadaM) <a href=\"https:\/\/twitter.com\/ClaraBrugadaM\/status\/1323664911038210048?ref_src=twsrc%5Etfw\">November 3, 2020<\/a><\/blockquote><script async src=\"https:\/\/platform.twitter.com\/widgets.js\" charset=\"utf-8\"><\/script>\n<\/div><\/figure>\n\n\n\n<p>De igual forma, Brugada anunci\u00f3 que continuar\u00e1 con su trabajo al frente de la alcald\u00eda mientras se mantiene aislada. Adem\u00e1s, llam\u00f3 a la poblaci\u00f3n a cuidarse y no bajar la guardia.<\/p>\n\n\n\n<p>Iztapalapa es la Alcald\u00eda de la Ciudad de M\u00e9xico con mayor n\u00famero de casos positivos, con 23 mil 40, as\u00ed como de fallecimientos por este padecimiento: 2 mil 349.<\/p>\n\n\n\n<p>En esta demarcaci\u00f3n, 77 de cada 100 casos son ambulatorios, mientras que el resto termina en un hospital para su atenci\u00f3n.<\/p>\n\n\n\n<p>Fuente: El Heraldo de M\u00e9xico<\/p>\n","protected":false},"excerpt":{"rendered":"<p>La alcaldesa de Iztapalapa,\u00a0Clara Brugada, dio positivo en la prueba de\u00a0Covid-19, inform\u00f3 a trav\u00e9s de su cuenta de Twitter. \u00abRecib\u00ed resultado positivo de\u00a0Covid-19. Me encuentro aislada, bien y trabajando. Estoy en comunicaci\u00f3n permanente con todas las \u00e1reas de la alcald\u00eda para coordinar y evaluar las acciones del gobierno. Seguimos trabajando sin interrupciones para proteger a<a class=\"read-more\" href=\"https:\/\/globalnewsmexico.com\/sitio\/alcaldesa-de-iztapalapa-da-positivo-a-covid-19\/\">Leer m\u00e1s<\/a><\/p>\n","protected":false},"author":5,"featured_media":56496,"comment_status":"closed","ping_status":"open","sticky":false,"template":"","format":"standard","meta":{"spay_email":"","footnotes":""},"categories":[37,8,49,52],"tags":[],"jetpack_featured_media_url":"https:\/\/i0.wp.com\/globalnewsmexico.com\/sitio\/wp-content\/uploads\/2020\/11\/f925x521-277602_346466_5050.jpg?fit=1024%2C577&ssl=1","jetpack_sharing_enabled":true,"jetpack_shortlink":"https:\/\/wp.me\/p9yqPL-eHd","jetpack_likes_enabled":true,"_links":{"self":[{"href":"https:\/\/globalnewsmexico.com\/sitio\/wp-json\/wp\/v2\/posts\/56495"}],"collection":[{"href":"https:\/\/globalnewsmexico.com\/sitio\/wp-json\/wp\/v2\/posts"}],"about":[{"href":"https:\/\/globalnewsmexico.com\/sitio\/wp-json\/wp\/v2\/types\/post"}],"author":[{"embeddable":true,"href":"https:\/\/globalnewsmexico.com\/sitio\/wp-json\/wp\/v2\/users\/5"}],"replies":[{"embeddable":true,"href":"https:\/\/globalnewsmexico.com\/sitio\/wp-json\/wp\/v2\/comments?post=56495"}],"version-history":[{"count":0,"href":"https:\/\/globalnewsmexico.com\/sitio\/wp-json\/wp\/v2\/posts\/56495\/revisions"}],"wp:featuredmedia":[{"embeddable":true,"href":"https:\/\/globalnewsmexico.com\/sitio\/wp-json\/wp\/v2\/media\/56496"}],"wp:attachment":[{"href":"https:\/\/globalnewsmexico.com\/sitio\/wp-json\/wp\/v2\/media?parent=56495"}],"wp:term":[{"taxonomy":"category","embeddable":true,"href":"https:\/\/globalnewsmexico.com\/sitio\/wp-json\/wp\/v2\/categories?post=56495"},{"taxonomy":"post_tag","embeddable":true,"href":"https:\/\/globalnewsmexico.com\/sitio\/wp-json\/wp\/v2\/tags?post=56495"}],"curies":[{"name":"wp","href":"https:\/\/api.w.org\/{rel}","templated":true}]}}