{"id":56514,"date":"2020-11-03T16:18:26","date_gmt":"2020-11-03T22:18:26","guid":{"rendered":"http:\/\/globalnewsmexico.com\/sitio\/?p=56514"},"modified":"2020-11-03T16:18:32","modified_gmt":"2020-11-03T22:18:32","slug":"perfilan-diputados-entregar-medalla-neri-a-personal-medico-que-atiende-covid-19","status":"publish","type":"post","link":"https:\/\/globalnewsmexico.com\/sitio\/perfilan-diputados-entregar-medalla-neri-a-personal-medico-que-atiende-covid-19\/","title":{"rendered":"Perfilan diputados entregar medalla &#8216;Neri&#8217; a personal m\u00e9dico que atiende Covid-19"},"content":{"rendered":"\n<p>Por primera vez, la\u00a0C\u00e1mara de Diputados\u00a0plantea entregar la\u00a0Medalla al M\u00e9rito C\u00edvico\u00a0&#8216;Eduardo Neri&#8217;, al personal m\u00e9dico que ha prestado sus servicios para atender a los pacientes de\u00a0Covid-19\u00a0en M\u00e9xico.<\/p>\n\n\n\n<p>Dicha propuesta, impulsada por el morenista\u00a0Mario Delgado Carrillo\u00a0en la\u00a0Junta Coordinaci\u00f3n Pol\u00edtica\u00a0(Jucopo), se votar\u00e1 este mi\u00e9rcoles en el Pleno de la C\u00e1mara, a fin de modificar el reglamento de la Medalla al M\u00e9rito C\u00edvico y tambi\u00e9n el calendario de entrega de la presea, que fue creada para reconocer a un ciudadano por sus hechos c\u00edvicos, pol\u00edticos o legislativos.<\/p>\n\n\n\n<p>\u201cPor acuerdo de todos los grupos parlamentarios representados en la C\u00e1mara de Diputados, se acord\u00f3 que ante las actuales circunstancias y para reconocer el hero\u00edsmo y el trabajo incansable del personal de salud, debe galardonarse a las ciudadanas o los ciudadanos que se han distinguido por sus invaluables servicios de prevenci\u00f3n, protecci\u00f3n y cuidados a salud de todos los mexicanos\u201d, inform\u00f3 la bancada de Morena en un comunicado.<\/p>\n\n\n\n<p>El objetivo es destinar la medalla a condecorar a los doctores, doctoras, enfermeras y enfermeros y personal de apoyo que laboran en las instalaciones m\u00e9dicas del territorio nacional, en una fecha distinta a la establecida originariamente en el decreto de su creaci\u00f3n (9 de octubre), con motivo de las circunstancias excepcionales sanitarias que ha padecido M\u00e9xico y el mundo, y de sus actos invaluables de servicio.<\/p>\n\n\n\n<p>Cabe se\u00f1alar que la Medalla al M\u00e9rito C\u00edvico &#8216;Eduardo Neri&#8217;, fue concebida como un homenaje a los actos c\u00edvicos y pol\u00edticos del abogado guerrerense Eduardo Neri Reynoso, quien, desde la tribuna de la C\u00e1mara de Diputados, en 1913, se opuso al golpe de Estado orquestado por Victoriano Huerta en contra del presidente Francisco I. Madero.<\/p>\n\n\n\n<p>Fuente: El Heraldo de M\u00e9xico<\/p>\n","protected":false},"excerpt":{"rendered":"<p>Por primera vez, la\u00a0C\u00e1mara de Diputados\u00a0plantea entregar la\u00a0Medalla al M\u00e9rito C\u00edvico\u00a0&#8216;Eduardo Neri&#8217;, al personal m\u00e9dico que ha prestado sus servicios para atender a los pacientes de\u00a0Covid-19\u00a0en M\u00e9xico. Dicha propuesta, impulsada por el morenista\u00a0Mario Delgado Carrillo\u00a0en la\u00a0Junta Coordinaci\u00f3n Pol\u00edtica\u00a0(Jucopo), se votar\u00e1 este mi\u00e9rcoles en el Pleno de la C\u00e1mara, a fin de modificar el reglamento de<a class=\"read-more\" href=\"https:\/\/globalnewsmexico.com\/sitio\/perfilan-diputados-entregar-medalla-neri-a-personal-medico-que-atiende-covid-19\/\">Leer m\u00e1s<\/a><\/p>\n","protected":false},"author":5,"featured_media":56516,"comment_status":"closed","ping_status":"open","sticky":false,"template":"","format":"standard","meta":{"spay_email":"","footnotes":""},"categories":[37,8,49,52],"tags":[],"jetpack_featured_media_url":"https:\/\/i0.wp.com\/globalnewsmexico.com\/sitio\/wp-content\/uploads\/2020\/11\/f925x521-277706_346570_5050.jpg?fit=1024%2C577&ssl=1","jetpack_sharing_enabled":true,"jetpack_shortlink":"https:\/\/wp.me\/p9yqPL-eHw","jetpack_likes_enabled":true,"_links":{"self":[{"href":"https:\/\/globalnewsmexico.com\/sitio\/wp-json\/wp\/v2\/posts\/56514"}],"collection":[{"href":"https:\/\/globalnewsmexico.com\/sitio\/wp-json\/wp\/v2\/posts"}],"about":[{"href":"https:\/\/globalnewsmexico.com\/sitio\/wp-json\/wp\/v2\/types\/post"}],"author":[{"embeddable":true,"href":"https:\/\/globalnewsmexico.com\/sitio\/wp-json\/wp\/v2\/users\/5"}],"replies":[{"embeddable":true,"href":"https:\/\/globalnewsmexico.com\/sitio\/wp-json\/wp\/v2\/comments?post=56514"}],"version-history":[{"count":0,"href":"https:\/\/globalnewsmexico.com\/sitio\/wp-json\/wp\/v2\/posts\/56514\/revisions"}],"wp:featuredmedia":[{"embeddable":true,"href":"https:\/\/globalnewsmexico.com\/sitio\/wp-json\/wp\/v2\/media\/56516"}],"wp:attachment":[{"href":"https:\/\/globalnewsmexico.com\/sitio\/wp-json\/wp\/v2\/media?parent=56514"}],"wp:term":[{"taxonomy":"category","embeddable":true,"href":"https:\/\/globalnewsmexico.com\/sitio\/wp-json\/wp\/v2\/categories?post=56514"},{"taxonomy":"post_tag","embeddable":true,"href":"https:\/\/globalnewsmexico.com\/sitio\/wp-json\/wp\/v2\/tags?post=56514"}],"curies":[{"name":"wp","href":"https:\/\/api.w.org\/{rel}","templated":true}]}}