{"id":56563,"date":"2020-11-04T11:49:11","date_gmt":"2020-11-04T17:49:11","guid":{"rendered":"http:\/\/globalnewsmexico.com\/sitio\/?p=56563"},"modified":"2020-11-04T11:49:15","modified_gmt":"2020-11-04T17:49:15","slug":"ana-guevara-se-quedara-al-frente-de-la-conade","status":"publish","type":"post","link":"https:\/\/globalnewsmexico.com\/sitio\/ana-guevara-se-quedara-al-frente-de-la-conade\/","title":{"rendered":"Ana Guevara se quedar\u00e1 al frente de la Conade"},"content":{"rendered":"\n<p>El presidente\u00a0Andr\u00e9s Manuel L\u00f3pez Obrador\u00a0confirm\u00f3 que la exvelocista\u00a0Ana Gabriela Guevara\u00a0se quedar\u00e1 al frente de la\u00a0Comisi\u00f3n Nacional de Cultura F\u00edsica y Deporte (Conade), luego de que a principios de octubre, el Partido del Trabajo la destapara como su posible candidata.<\/p>\n\n\n\n<p>De haber tomado la candidatura, Ana Guevara tendr\u00eda que haber renunciado el fin de semana pasado, como lo hicieron todos los funcionarios federales interesados en participar en las\u00a0elecciones de 2021.<\/p>\n\n\n\n<p>\u201cElla va a estar de coordinadora del deporte\u201d, ataj\u00f3 L\u00f3pez Obrador.<\/p>\n\n\n\n<p>Este fin de semana, diversos funcionarios del Gobierno federal, adem\u00e1s de\u00a0Alfonso Durazo, exsecretario de Seguridad y Protecci\u00f3n Ciudadana, presentaron su renuncia para participar en las elecciones de 2021.<\/p>\n\n\n\n<p>En\u00a0La Ma\u00f1anera\u00a0desde Palacio Nacional, detall\u00f3 que entre ellos est\u00e1 David Monreal, director de Ganader\u00eda, de la Secretar\u00eda de Agricultura y Desarrollo Rural (Sader).<\/p>\n\n\n\n<p>En tanto, los superdelegados que dejaron el cargo son: V\u00edctor Manuel Castro Cos\u00edo, delegado estatal de Baja California; Indira Vizca\u00edno Silva, de Colima; Juan Carlos Loera de la Rosa, de Chihuahua; Pablo Almicar Sandoval, de Guerrero; Hugo Eric Flores Cervantes, de Morelos; Manuel Peraza Segovia, de Nayarit; Gilberto Herrera Ruiz, de Quer\u00e9taro, y Loren Cuellar Cisneros, de Tlaxcala.<\/p>\n\n\n\n<p>Fuente: Milenio<\/p>\n","protected":false},"excerpt":{"rendered":"<p>El presidente\u00a0Andr\u00e9s Manuel L\u00f3pez Obrador\u00a0confirm\u00f3 que la exvelocista\u00a0Ana Gabriela Guevara\u00a0se quedar\u00e1 al frente de la\u00a0Comisi\u00f3n Nacional de Cultura F\u00edsica y Deporte (Conade), luego de que a principios de octubre, el Partido del Trabajo la destapara como su posible candidata. De haber tomado la candidatura, Ana Guevara tendr\u00eda que haber renunciado el fin de semana pasado,<a class=\"read-more\" href=\"https:\/\/globalnewsmexico.com\/sitio\/ana-guevara-se-quedara-al-frente-de-la-conade\/\">Leer m\u00e1s<\/a><\/p>\n","protected":false},"author":5,"featured_media":56564,"comment_status":"closed","ping_status":"open","sticky":false,"template":"","format":"standard","meta":{"spay_email":"","footnotes":""},"categories":[37,8,49,52],"tags":[],"jetpack_featured_media_url":"https:\/\/i1.wp.com\/globalnewsmexico.com\/sitio\/wp-content\/uploads\/2020\/11\/ana-guevara-se-queda-en.jpg?fit=958%2C596&ssl=1","jetpack_sharing_enabled":true,"jetpack_shortlink":"https:\/\/wp.me\/p9yqPL-eIj","jetpack_likes_enabled":true,"_links":{"self":[{"href":"https:\/\/globalnewsmexico.com\/sitio\/wp-json\/wp\/v2\/posts\/56563"}],"collection":[{"href":"https:\/\/globalnewsmexico.com\/sitio\/wp-json\/wp\/v2\/posts"}],"about":[{"href":"https:\/\/globalnewsmexico.com\/sitio\/wp-json\/wp\/v2\/types\/post"}],"author":[{"embeddable":true,"href":"https:\/\/globalnewsmexico.com\/sitio\/wp-json\/wp\/v2\/users\/5"}],"replies":[{"embeddable":true,"href":"https:\/\/globalnewsmexico.com\/sitio\/wp-json\/wp\/v2\/comments?post=56563"}],"version-history":[{"count":0,"href":"https:\/\/globalnewsmexico.com\/sitio\/wp-json\/wp\/v2\/posts\/56563\/revisions"}],"wp:featuredmedia":[{"embeddable":true,"href":"https:\/\/globalnewsmexico.com\/sitio\/wp-json\/wp\/v2\/media\/56564"}],"wp:attachment":[{"href":"https:\/\/globalnewsmexico.com\/sitio\/wp-json\/wp\/v2\/media?parent=56563"}],"wp:term":[{"taxonomy":"category","embeddable":true,"href":"https:\/\/globalnewsmexico.com\/sitio\/wp-json\/wp\/v2\/categories?post=56563"},{"taxonomy":"post_tag","embeddable":true,"href":"https:\/\/globalnewsmexico.com\/sitio\/wp-json\/wp\/v2\/tags?post=56563"}],"curies":[{"name":"wp","href":"https:\/\/api.w.org\/{rel}","templated":true}]}}