{"id":56656,"date":"2020-11-05T15:42:59","date_gmt":"2020-11-05T21:42:59","guid":{"rendered":"http:\/\/globalnewsmexico.com\/sitio\/?p=56656"},"modified":"2020-11-05T15:43:02","modified_gmt":"2020-11-05T21:43:02","slug":"salvador-cienfuegos-se-declara-no-culpable-de-cargos-en-ee-uu","status":"publish","type":"post","link":"https:\/\/globalnewsmexico.com\/sitio\/salvador-cienfuegos-se-declara-no-culpable-de-cargos-en-ee-uu\/","title":{"rendered":"Salvador Cienfuegos se declara no culpable de cargos en EE. UU."},"content":{"rendered":"\n<p>El general\u00a0Salvador Cienfuegos, exsecretario de la Defensa Nacional, se declar\u00f3 no culpable, a trav\u00e9s de su abogado Ed Siapone, de los cargos en su contra tras una audiencia virtual hoy en la Corte de Brooklyn, en Nueva York.\u00a0<\/p>\n\n\n\n<p>Un juez sugiri\u00f3 que los 70 d\u00edas que la Fiscal\u00eda tiene para llevar a Cienfuegos a juicio, comiencen a partir del 18 de noviembre, cuando ser\u00e1 la presentaci\u00f3n de &#8216;El Padrino&#8217; -nombre con que tambi\u00e9n se le conoce en la acusaci\u00f3n al exfuncionario- con la juez que lleva su caso, Carol Amon.<\/p>\n\n\n\n<p>La defensa pidi\u00f3 unas semanas para hablar con la Fiscal\u00eda y revisar las pruebas con las que cuentan, para sopesar la posibilidad de ir a juicio. Cuando la juez le pregunt\u00f3 a Cienfuegos si estaba de acuerdo con esa demora, el general dijo que no, lo cual llev\u00f3 a que la defensa pidiera al juez que repitiera la pregunta. Al hacerlo por tercera vez, finalmente el acusado movi\u00f3 la cabeza indicando que estaba de acuerdo.<\/p>\n\n\n\n<p>Antes de que finalizara la corta audiencia, el abogado Siapone dijo al juez que hab\u00eda repasado \u201cla acusaci\u00f3n formal\u201d, e insisti\u00f3 en que su defendido \u201centiende los cargos y se declara no culpable\u201d.<\/p>\n\n\n\n<p>Ryan Harris, asistente de la Fiscal\u00eda, inform\u00f3 que la primera comparecencia de Salvador Cienfuegos ante la juez Carol Amon ser\u00e1 el 18 de noviembre, a las 10:00 horas.<\/p>\n\n\n\n<p>Fuente: Milenio<\/p>\n","protected":false},"excerpt":{"rendered":"<p>El general\u00a0Salvador Cienfuegos, exsecretario de la Defensa Nacional, se declar\u00f3 no culpable, a trav\u00e9s de su abogado Ed Siapone, de los cargos en su contra tras una audiencia virtual hoy en la Corte de Brooklyn, en Nueva York.\u00a0 Un juez sugiri\u00f3 que los 70 d\u00edas que la Fiscal\u00eda tiene para llevar a Cienfuegos a juicio,<a class=\"read-more\" href=\"https:\/\/globalnewsmexico.com\/sitio\/salvador-cienfuegos-se-declara-no-culpable-de-cargos-en-ee-uu\/\">Leer m\u00e1s<\/a><\/p>\n","protected":false},"author":5,"featured_media":56657,"comment_status":"closed","ping_status":"open","sticky":false,"template":"","format":"standard","meta":{"spay_email":"","footnotes":""},"categories":[37,8,39,52],"tags":[],"jetpack_featured_media_url":"https:\/\/i2.wp.com\/globalnewsmexico.com\/sitio\/wp-content\/uploads\/2020\/11\/salvador-cienfuegos-comparecera-hoy-ante-1.jpg?fit=958%2C596&ssl=1","jetpack_sharing_enabled":true,"jetpack_shortlink":"https:\/\/wp.me\/p9yqPL-eJO","jetpack_likes_enabled":true,"_links":{"self":[{"href":"https:\/\/globalnewsmexico.com\/sitio\/wp-json\/wp\/v2\/posts\/56656"}],"collection":[{"href":"https:\/\/globalnewsmexico.com\/sitio\/wp-json\/wp\/v2\/posts"}],"about":[{"href":"https:\/\/globalnewsmexico.com\/sitio\/wp-json\/wp\/v2\/types\/post"}],"author":[{"embeddable":true,"href":"https:\/\/globalnewsmexico.com\/sitio\/wp-json\/wp\/v2\/users\/5"}],"replies":[{"embeddable":true,"href":"https:\/\/globalnewsmexico.com\/sitio\/wp-json\/wp\/v2\/comments?post=56656"}],"version-history":[{"count":0,"href":"https:\/\/globalnewsmexico.com\/sitio\/wp-json\/wp\/v2\/posts\/56656\/revisions"}],"wp:featuredmedia":[{"embeddable":true,"href":"https:\/\/globalnewsmexico.com\/sitio\/wp-json\/wp\/v2\/media\/56657"}],"wp:attachment":[{"href":"https:\/\/globalnewsmexico.com\/sitio\/wp-json\/wp\/v2\/media?parent=56656"}],"wp:term":[{"taxonomy":"category","embeddable":true,"href":"https:\/\/globalnewsmexico.com\/sitio\/wp-json\/wp\/v2\/categories?post=56656"},{"taxonomy":"post_tag","embeddable":true,"href":"https:\/\/globalnewsmexico.com\/sitio\/wp-json\/wp\/v2\/tags?post=56656"}],"curies":[{"name":"wp","href":"https:\/\/api.w.org\/{rel}","templated":true}]}}