{"id":56674,"date":"2020-11-05T18:10:16","date_gmt":"2020-11-06T00:10:16","guid":{"rendered":"http:\/\/globalnewsmexico.com\/sitio\/?p=56674"},"modified":"2020-11-05T18:10:20","modified_gmt":"2020-11-06T00:10:20","slug":"encapuchados-toman-prepa-5-exigen-aparicion-de-alumno","status":"publish","type":"post","link":"https:\/\/globalnewsmexico.com\/sitio\/encapuchados-toman-prepa-5-exigen-aparicion-de-alumno\/","title":{"rendered":"Encapuchados toman Prepa 5; exigen aparici\u00f3n de alumno"},"content":{"rendered":"\n<p>Lo que inici\u00f3 como una manifestaci\u00f3n pac\u00edfica para exigir la aparici\u00f3n del estudiante de la<strong>\u00a0<\/strong>Prepa 5 de la UNAM, Jorge Barrera R\u00edos, deriv\u00f3 en la toma del plantel ubicado en la\u00a0alcald\u00eda Tlalpan de la Ciudad de M\u00e9xico.<\/p>\n\n\n\n<p>Compa\u00f1eros del estudiante de 16 a\u00f1os, desaparecido el pasado 26 de octubre en la\u00a0colonia Ampliaci\u00f3n isidro Fabela,\u00a0se reunieron al exterior de la Escuela Nacional Preparatoria no. 5 \u2018Jos\u00e9 Vasconcelos\u2019. Exigen a las autoridades de la UNAM agilizar la b\u00fasqueda del estudiante.\u00a0<\/p>\n\n\n\n<p>Tras la protesta pac\u00edfica en Calzada del Hueso y Calzada de las Bombas, un grupo de alrededor de 20 encapuchados arrib\u00f3 y realiz\u00f3 destrozos a una patrulla de Seguridad UNAM que se hallaba en el lugar. &nbsp;<\/p>\n\n\n\n<p>Despu\u00e9s brincaron la malla cicl\u00f3nica de protecci\u00f3n e ingresaron a las instalaciones del plantel.&nbsp;<\/p>\n\n\n\n<p>Personal administrativo y algunos maestros que se encontraban al interior salieron r\u00e1pidamente para evitar alg\u00fan enfrentamiento.<\/p>\n\n\n\n<p>Los encapuchados tomaron el control de la entrada y dejaron pasar a otros 20 j\u00f3venes.<\/p>\n\n\n\n<p>Polic\u00edas que se encontraban\u00a0en el lugar, solo se limitaron a observar los hechos.<\/p>\n\n\n\n<p>Fuente: Exc\u00e9lsior<\/p>\n","protected":false},"excerpt":{"rendered":"<p>Lo que inici\u00f3 como una manifestaci\u00f3n pac\u00edfica para exigir la aparici\u00f3n del estudiante de la\u00a0Prepa 5 de la UNAM, Jorge Barrera R\u00edos, deriv\u00f3 en la toma del plantel ubicado en la\u00a0alcald\u00eda Tlalpan de la Ciudad de M\u00e9xico. Compa\u00f1eros del estudiante de 16 a\u00f1os, desaparecido el pasado 26 de octubre en la\u00a0colonia Ampliaci\u00f3n isidro Fabela,\u00a0se reunieron<a class=\"read-more\" href=\"https:\/\/globalnewsmexico.com\/sitio\/encapuchados-toman-prepa-5-exigen-aparicion-de-alumno\/\">Leer m\u00e1s<\/a><\/p>\n","protected":false},"author":5,"featured_media":56677,"comment_status":"closed","ping_status":"open","sticky":false,"template":"","format":"standard","meta":{"spay_email":"","footnotes":""},"categories":[37,8,49,52],"tags":[],"jetpack_featured_media_url":"https:\/\/i1.wp.com\/globalnewsmexico.com\/sitio\/wp-content\/uploads\/2020\/11\/2473105.jpg?fit=1024%2C768&ssl=1","jetpack_sharing_enabled":true,"jetpack_shortlink":"https:\/\/wp.me\/p9yqPL-eK6","jetpack_likes_enabled":true,"_links":{"self":[{"href":"https:\/\/globalnewsmexico.com\/sitio\/wp-json\/wp\/v2\/posts\/56674"}],"collection":[{"href":"https:\/\/globalnewsmexico.com\/sitio\/wp-json\/wp\/v2\/posts"}],"about":[{"href":"https:\/\/globalnewsmexico.com\/sitio\/wp-json\/wp\/v2\/types\/post"}],"author":[{"embeddable":true,"href":"https:\/\/globalnewsmexico.com\/sitio\/wp-json\/wp\/v2\/users\/5"}],"replies":[{"embeddable":true,"href":"https:\/\/globalnewsmexico.com\/sitio\/wp-json\/wp\/v2\/comments?post=56674"}],"version-history":[{"count":0,"href":"https:\/\/globalnewsmexico.com\/sitio\/wp-json\/wp\/v2\/posts\/56674\/revisions"}],"wp:featuredmedia":[{"embeddable":true,"href":"https:\/\/globalnewsmexico.com\/sitio\/wp-json\/wp\/v2\/media\/56677"}],"wp:attachment":[{"href":"https:\/\/globalnewsmexico.com\/sitio\/wp-json\/wp\/v2\/media?parent=56674"}],"wp:term":[{"taxonomy":"category","embeddable":true,"href":"https:\/\/globalnewsmexico.com\/sitio\/wp-json\/wp\/v2\/categories?post=56674"},{"taxonomy":"post_tag","embeddable":true,"href":"https:\/\/globalnewsmexico.com\/sitio\/wp-json\/wp\/v2\/tags?post=56674"}],"curies":[{"name":"wp","href":"https:\/\/api.w.org\/{rel}","templated":true}]}}