{"id":56701,"date":"2020-11-06T09:54:15","date_gmt":"2020-11-06T15:54:15","guid":{"rendered":"http:\/\/globalnewsmexico.com\/sitio\/?p=56701"},"modified":"2020-11-06T09:54:20","modified_gmt":"2020-11-06T15:54:20","slug":"veracruz-a-punto-de-pasar-de-semaforo-amarillo-a-naranja-ramos-alor","status":"publish","type":"post","link":"https:\/\/globalnewsmexico.com\/sitio\/veracruz-a-punto-de-pasar-de-semaforo-amarillo-a-naranja-ramos-alor\/","title":{"rendered":"Veracruz, a punto de pasar de sem\u00e1foro amarillo a naranja: Ramos Alor"},"content":{"rendered":"\n<p>El secretario de Salud de Veracruz, Roberto Ramos Alor, advirti\u00f3 una vez m\u00e1s que la entidad est\u00e1 a punto de pasar de amarillo a naranja debido al incremento de casos de coronavirus.<\/p>\n\n\n\n<p>Es decir, donde solo se permitir\u00e1n las actividades econ\u00f3micas esenciales y aquellas que no lo sean trabajen con el 30 por ciento del personal para su funcionamiento, siempre tomando en cuenta las medidas de cuidado m\u00e1ximo para las personas con mayor riesgo de presentar un cuadro grave de Covid-19.<\/p>\n\n\n\n<p>Se abrir\u00e1n los espacios p\u00fablicos con un aforo (cantidad de personas) reducido; sin embargo, a\u00fan no se informa por parte de las autoridades de Salud cu\u00e1ndo pasar\u00eda de amarillo a naranja.<\/p>\n\n\n\n<p>En el reporte diario, se inform\u00f3 adem\u00e1s que este viernes concluye la Jornada Nacional de Salud P\u00fablica, cuyo objetivo es vacunar contra el sarampi\u00f3n, neumococo e influenza. Tambi\u00e9n se realizan acciones de prevenci\u00f3n y detecci\u00f3n de hipertensi\u00f3n arterial, sobrepeso y obesidad.<\/p>\n","protected":false},"excerpt":{"rendered":"<p>El secretario de Salud de Veracruz, Roberto Ramos Alor, advirti\u00f3 una vez m\u00e1s que la entidad est\u00e1 a punto de pasar de amarillo a naranja debido al incremento de casos de coronavirus. Es decir, donde solo se permitir\u00e1n las actividades econ\u00f3micas esenciales y aquellas que no lo sean trabajen con el 30 por ciento del<a class=\"read-more\" href=\"https:\/\/globalnewsmexico.com\/sitio\/veracruz-a-punto-de-pasar-de-semaforo-amarillo-a-naranja-ramos-alor\/\">Leer m\u00e1s<\/a><\/p>\n","protected":false},"author":5,"featured_media":56702,"comment_status":"closed","ping_status":"open","sticky":false,"template":"","format":"standard","meta":{"spay_email":"","footnotes":""},"categories":[37,8,50,52],"tags":[],"jetpack_featured_media_url":"https:\/\/i2.wp.com\/globalnewsmexico.com\/sitio\/wp-content\/uploads\/2020\/11\/4d2c20db-1302-459e-a253-6b799d3fde80.jpg?fit=1024%2C682&ssl=1","jetpack_sharing_enabled":true,"jetpack_shortlink":"https:\/\/wp.me\/p9yqPL-eKx","jetpack_likes_enabled":true,"_links":{"self":[{"href":"https:\/\/globalnewsmexico.com\/sitio\/wp-json\/wp\/v2\/posts\/56701"}],"collection":[{"href":"https:\/\/globalnewsmexico.com\/sitio\/wp-json\/wp\/v2\/posts"}],"about":[{"href":"https:\/\/globalnewsmexico.com\/sitio\/wp-json\/wp\/v2\/types\/post"}],"author":[{"embeddable":true,"href":"https:\/\/globalnewsmexico.com\/sitio\/wp-json\/wp\/v2\/users\/5"}],"replies":[{"embeddable":true,"href":"https:\/\/globalnewsmexico.com\/sitio\/wp-json\/wp\/v2\/comments?post=56701"}],"version-history":[{"count":0,"href":"https:\/\/globalnewsmexico.com\/sitio\/wp-json\/wp\/v2\/posts\/56701\/revisions"}],"wp:featuredmedia":[{"embeddable":true,"href":"https:\/\/globalnewsmexico.com\/sitio\/wp-json\/wp\/v2\/media\/56702"}],"wp:attachment":[{"href":"https:\/\/globalnewsmexico.com\/sitio\/wp-json\/wp\/v2\/media?parent=56701"}],"wp:term":[{"taxonomy":"category","embeddable":true,"href":"https:\/\/globalnewsmexico.com\/sitio\/wp-json\/wp\/v2\/categories?post=56701"},{"taxonomy":"post_tag","embeddable":true,"href":"https:\/\/globalnewsmexico.com\/sitio\/wp-json\/wp\/v2\/tags?post=56701"}],"curies":[{"name":"wp","href":"https:\/\/api.w.org\/{rel}","templated":true}]}}