{"id":56762,"date":"2020-11-06T20:05:43","date_gmt":"2020-11-07T02:05:43","guid":{"rendered":"http:\/\/globalnewsmexico.com\/sitio\/?p=56762"},"modified":"2020-11-06T20:05:48","modified_gmt":"2020-11-07T02:05:48","slug":"detiene-uecs-a-probable-secuestrador-y-liberan-a-victima","status":"publish","type":"post","link":"https:\/\/globalnewsmexico.com\/sitio\/detiene-uecs-a-probable-secuestrador-y-liberan-a-victima\/","title":{"rendered":"Detiene UECS a probable secuestrador y liberan a v\u00edctima"},"content":{"rendered":"\n<p>La Fiscal\u00eda General del Estado (FGE) de Veracruz, a trav\u00e9s de la Unidad Especializada en Combate al Secuestro (UECS) con base en la zona centro-C\u00f3rdoba, rescat\u00f3 sana y salva a una v\u00edctima de secuestro y detuvo a un probable responsable en flagrancia.<\/p>\n\n\n\n<p>Mediante un operativo coordinado, agentes ministeriales y grupos especiales de intervenci\u00f3n de la Semar, SSP y Fuerza Civil lograron la captura de Pedro &#8216;N&#8217;, por su probable responsabilidad en la comisi\u00f3n de hechos que la Ley tipifica como delito de secuestro, en el municipio de C\u00f3rdoba.<\/p>\n\n\n\n<p>Luego de ser detenido, fue puesto a disposici\u00f3n del fiscal especializado y su situaci\u00f3n jur\u00eddica se resolver\u00e1 en pr\u00f3xima fecha.<\/p>\n","protected":false},"excerpt":{"rendered":"<p>La Fiscal\u00eda General del Estado (FGE) de Veracruz, a trav\u00e9s de la Unidad Especializada en Combate al Secuestro (UECS) con base en la zona centro-C\u00f3rdoba, rescat\u00f3 sana y salva a una v\u00edctima de secuestro y detuvo a un probable responsable en flagrancia. Mediante un operativo coordinado, agentes ministeriales y grupos especiales de intervenci\u00f3n de la<a class=\"read-more\" href=\"https:\/\/globalnewsmexico.com\/sitio\/detiene-uecs-a-probable-secuestrador-y-liberan-a-victima\/\">Leer m\u00e1s<\/a><\/p>\n","protected":false},"author":5,"featured_media":56765,"comment_status":"closed","ping_status":"open","sticky":false,"template":"","format":"standard","meta":{"spay_email":"","footnotes":""},"categories":[37,8,50,52],"tags":[],"jetpack_featured_media_url":"https:\/\/i1.wp.com\/globalnewsmexico.com\/sitio\/wp-content\/uploads\/2020\/11\/7e6b73cc-b03c-4312-b051-047e3ad6e7f9.jpg?fit=1040%2C1040&ssl=1","jetpack_sharing_enabled":true,"jetpack_shortlink":"https:\/\/wp.me\/p9yqPL-eLw","jetpack_likes_enabled":true,"_links":{"self":[{"href":"https:\/\/globalnewsmexico.com\/sitio\/wp-json\/wp\/v2\/posts\/56762"}],"collection":[{"href":"https:\/\/globalnewsmexico.com\/sitio\/wp-json\/wp\/v2\/posts"}],"about":[{"href":"https:\/\/globalnewsmexico.com\/sitio\/wp-json\/wp\/v2\/types\/post"}],"author":[{"embeddable":true,"href":"https:\/\/globalnewsmexico.com\/sitio\/wp-json\/wp\/v2\/users\/5"}],"replies":[{"embeddable":true,"href":"https:\/\/globalnewsmexico.com\/sitio\/wp-json\/wp\/v2\/comments?post=56762"}],"version-history":[{"count":0,"href":"https:\/\/globalnewsmexico.com\/sitio\/wp-json\/wp\/v2\/posts\/56762\/revisions"}],"wp:featuredmedia":[{"embeddable":true,"href":"https:\/\/globalnewsmexico.com\/sitio\/wp-json\/wp\/v2\/media\/56765"}],"wp:attachment":[{"href":"https:\/\/globalnewsmexico.com\/sitio\/wp-json\/wp\/v2\/media?parent=56762"}],"wp:term":[{"taxonomy":"category","embeddable":true,"href":"https:\/\/globalnewsmexico.com\/sitio\/wp-json\/wp\/v2\/categories?post=56762"},{"taxonomy":"post_tag","embeddable":true,"href":"https:\/\/globalnewsmexico.com\/sitio\/wp-json\/wp\/v2\/tags?post=56762"}],"curies":[{"name":"wp","href":"https:\/\/api.w.org\/{rel}","templated":true}]}}