{"id":56767,"date":"2020-11-06T21:38:21","date_gmt":"2020-11-07T03:38:21","guid":{"rendered":"http:\/\/globalnewsmexico.com\/sitio\/?p=56767"},"modified":"2020-11-06T21:38:28","modified_gmt":"2020-11-07T03:38:28","slug":"detienen-a-dos-por-homicidio-de-la-rectora-maria-guadalupe-martinez-aguilar","status":"publish","type":"post","link":"https:\/\/globalnewsmexico.com\/sitio\/detienen-a-dos-por-homicidio-de-la-rectora-maria-guadalupe-martinez-aguilar\/","title":{"rendered":"Detienen a dos por homicidio de la rectora Mar\u00eda Guadalupe Mart\u00ednez Aguilar"},"content":{"rendered":"\n<p>Elementos de la Polic\u00eda Ministerial de Veracruz, en coordinaci\u00f3n con las autoridades de la Ciudad de M\u00e9xico, dieron cumplimiento a la orden de aprehensi\u00f3n emitida por el Juzgado de Proceso y Procedimiento Penal Oral, con sede en Pacho Viejo, en contra de Jully Raquel &#8216;N&#8217; y Fernando Enrique &#8216;N&#8217;, por el delito de homicidio doloso calificado cometido en agravio de quien en vida llevara el nombre de Mar\u00eda Guadalupe Mart\u00ednez Aguilar.<\/p>\n\n\n\n<p>Lo anterior, derivado de los actos de investigaci\u00f3n llevados a cabo de manera conjunta por la trilog\u00eda investigadora: Fiscal\u00eda Especializada en la Investigaci\u00f3n de Delitos de Violencia contra la Familia, Mujeres, Ni\u00f1as y Ni\u00f1os y Trata de Personas; Polic\u00eda Ministerial y Servicios Periciales, as\u00ed como la Unidad de An\u00e1lisis de la Informaci\u00f3n de la Fiscal\u00eda del Estado de Veracruz, y tras obtener datos de prueba contundentes para establecer la presunta responsabilidad de dos de los participantes en la comisi\u00f3n del reprobable acto cometido en agravio de la rectora de la Universidad Valladolid, el pasado 29 de junio de 2020.<\/p>\n","protected":false},"excerpt":{"rendered":"<p>Elementos de la Polic\u00eda Ministerial de Veracruz, en coordinaci\u00f3n con las autoridades de la Ciudad de M\u00e9xico, dieron cumplimiento a la orden de aprehensi\u00f3n emitida por el Juzgado de Proceso y Procedimiento Penal Oral, con sede en Pacho Viejo, en contra de Jully Raquel &#8216;N&#8217; y Fernando Enrique &#8216;N&#8217;, por el delito de homicidio doloso<a class=\"read-more\" href=\"https:\/\/globalnewsmexico.com\/sitio\/detienen-a-dos-por-homicidio-de-la-rectora-maria-guadalupe-martinez-aguilar\/\">Leer m\u00e1s<\/a><\/p>\n","protected":false},"author":5,"featured_media":56768,"comment_status":"closed","ping_status":"open","sticky":false,"template":"","format":"standard","meta":{"spay_email":"","footnotes":""},"categories":[37,8,50,52],"tags":[],"jetpack_featured_media_url":"https:\/\/i1.wp.com\/globalnewsmexico.com\/sitio\/wp-content\/uploads\/2020\/11\/RasaInforma_rectora_universidad_valladolid_veracruz-e1593789674274.jpg?fit=1024%2C576&ssl=1","jetpack_sharing_enabled":true,"jetpack_shortlink":"https:\/\/wp.me\/p9yqPL-eLB","jetpack_likes_enabled":true,"_links":{"self":[{"href":"https:\/\/globalnewsmexico.com\/sitio\/wp-json\/wp\/v2\/posts\/56767"}],"collection":[{"href":"https:\/\/globalnewsmexico.com\/sitio\/wp-json\/wp\/v2\/posts"}],"about":[{"href":"https:\/\/globalnewsmexico.com\/sitio\/wp-json\/wp\/v2\/types\/post"}],"author":[{"embeddable":true,"href":"https:\/\/globalnewsmexico.com\/sitio\/wp-json\/wp\/v2\/users\/5"}],"replies":[{"embeddable":true,"href":"https:\/\/globalnewsmexico.com\/sitio\/wp-json\/wp\/v2\/comments?post=56767"}],"version-history":[{"count":0,"href":"https:\/\/globalnewsmexico.com\/sitio\/wp-json\/wp\/v2\/posts\/56767\/revisions"}],"wp:featuredmedia":[{"embeddable":true,"href":"https:\/\/globalnewsmexico.com\/sitio\/wp-json\/wp\/v2\/media\/56768"}],"wp:attachment":[{"href":"https:\/\/globalnewsmexico.com\/sitio\/wp-json\/wp\/v2\/media?parent=56767"}],"wp:term":[{"taxonomy":"category","embeddable":true,"href":"https:\/\/globalnewsmexico.com\/sitio\/wp-json\/wp\/v2\/categories?post=56767"},{"taxonomy":"post_tag","embeddable":true,"href":"https:\/\/globalnewsmexico.com\/sitio\/wp-json\/wp\/v2\/tags?post=56767"}],"curies":[{"name":"wp","href":"https:\/\/api.w.org\/{rel}","templated":true}]}}