{"id":56812,"date":"2020-11-07T18:15:41","date_gmt":"2020-11-08T00:15:41","guid":{"rendered":"http:\/\/globalnewsmexico.com\/sitio\/?p=56812"},"modified":"2020-11-07T18:15:46","modified_gmt":"2020-11-08T00:15:46","slug":"esperaremos-a-que-resuelvan-asuntos-legales-para-dar-posicionamiento-amlo-sobre-eleccion-en-ee-uu","status":"publish","type":"post","link":"https:\/\/globalnewsmexico.com\/sitio\/esperaremos-a-que-resuelvan-asuntos-legales-para-dar-posicionamiento-amlo-sobre-eleccion-en-ee-uu\/","title":{"rendered":"Esperaremos a que resuelvan asuntos legales para dar posicionamiento: AMLO sobre elecci\u00f3n en EE. UU."},"content":{"rendered":"\n<p>El presidente Andr\u00e9s Manuel L\u00f3pez Obrador dijo este s\u00e1bado que el Gobierno de M\u00e9xico esperar\u00e1 a que se resuelvan los procesos judiciales de la elecci\u00f3n de Estados Unidos, para dar su posicionamiento.<\/p>\n\n\n\n<p>\u00abVamos a esperar que se terminen de resolver todos los asuntos legales. No queremos ser imprudentes. No queremos actuar a la ligera y queremos ser respetuosos de la autodeterminaci\u00f3n de los pueblos y del derecho ajeno\u00bb, dijo en conferencia desde Tabasco.<\/p>\n\n\n\n<p>El mandatario subray\u00f3 que mantiene una muy buena relaci\u00f3n tanto con el presidente Trump como con Biden.<\/p>\n\n\n\n<p>El candidato dem\u00f3crata se adjudic\u00f3 este s\u00e1bado Pensilvania y Nevada, seg\u00fan las proyecciones de\u00a0AP y CNN, con lo que lleg\u00f3 a\u00a0290 votos del Colegio Electoral de los 270\u00a0que necesitaba para asegurarse la Presidencia.<\/p>\n\n\n\n<h3 class=\"wp-block-heading\">Biden y AMLO tienen historia<\/h3>\n\n\n\n<p>El ahora presidente electo de Estados Unidos se reuni\u00f3 con L\u00f3pez Obrador en 2012, cuando el hoy titular del Ejecutivo era precandidato presidencial, esto en el contexto de las elecciones federales de ese a\u00f1o en M\u00e9xico.<\/p>\n\n\n\n<p>Durante su reuni\u00f3n, el pol\u00edtico tabasque\u00f1o entreg\u00f3 al vicepresidente una carta en donde abord\u00f3 temas como la seguridad bilateral, el respeto a la soberan\u00eda nacional, su pol\u00edtica energ\u00e9tica y la defensa de los migrantes.<\/p>\n\n\n\n<p>Fuente: El Financiero<\/p>\n","protected":false},"excerpt":{"rendered":"<p>El presidente Andr\u00e9s Manuel L\u00f3pez Obrador dijo este s\u00e1bado que el Gobierno de M\u00e9xico esperar\u00e1 a que se resuelvan los procesos judiciales de la elecci\u00f3n de Estados Unidos, para dar su posicionamiento. \u00abVamos a esperar que se terminen de resolver todos los asuntos legales. No queremos ser imprudentes. No queremos actuar a la ligera y<a class=\"read-more\" href=\"https:\/\/globalnewsmexico.com\/sitio\/esperaremos-a-que-resuelvan-asuntos-legales-para-dar-posicionamiento-amlo-sobre-eleccion-en-ee-uu\/\">Leer m\u00e1s<\/a><\/p>\n","protected":false},"author":5,"featured_media":56814,"comment_status":"closed","ping_status":"open","sticky":false,"template":"","format":"standard","meta":{"spay_email":"","footnotes":""},"categories":[37,8,39,52],"tags":[],"jetpack_featured_media_url":"https:\/\/i0.wp.com\/globalnewsmexico.com\/sitio\/wp-content\/uploads\/2020\/11\/Captura-3.jpg?fit=1024%2C632&ssl=1","jetpack_sharing_enabled":true,"jetpack_shortlink":"https:\/\/wp.me\/p9yqPL-eMk","jetpack_likes_enabled":true,"_links":{"self":[{"href":"https:\/\/globalnewsmexico.com\/sitio\/wp-json\/wp\/v2\/posts\/56812"}],"collection":[{"href":"https:\/\/globalnewsmexico.com\/sitio\/wp-json\/wp\/v2\/posts"}],"about":[{"href":"https:\/\/globalnewsmexico.com\/sitio\/wp-json\/wp\/v2\/types\/post"}],"author":[{"embeddable":true,"href":"https:\/\/globalnewsmexico.com\/sitio\/wp-json\/wp\/v2\/users\/5"}],"replies":[{"embeddable":true,"href":"https:\/\/globalnewsmexico.com\/sitio\/wp-json\/wp\/v2\/comments?post=56812"}],"version-history":[{"count":0,"href":"https:\/\/globalnewsmexico.com\/sitio\/wp-json\/wp\/v2\/posts\/56812\/revisions"}],"wp:featuredmedia":[{"embeddable":true,"href":"https:\/\/globalnewsmexico.com\/sitio\/wp-json\/wp\/v2\/media\/56814"}],"wp:attachment":[{"href":"https:\/\/globalnewsmexico.com\/sitio\/wp-json\/wp\/v2\/media?parent=56812"}],"wp:term":[{"taxonomy":"category","embeddable":true,"href":"https:\/\/globalnewsmexico.com\/sitio\/wp-json\/wp\/v2\/categories?post=56812"},{"taxonomy":"post_tag","embeddable":true,"href":"https:\/\/globalnewsmexico.com\/sitio\/wp-json\/wp\/v2\/tags?post=56812"}],"curies":[{"name":"wp","href":"https:\/\/api.w.org\/{rel}","templated":true}]}}