{"id":56837,"date":"2020-11-09T11:13:40","date_gmt":"2020-11-09T17:13:40","guid":{"rendered":"http:\/\/globalnewsmexico.com\/sitio\/?p=56837"},"modified":"2020-11-09T11:15:40","modified_gmt":"2020-11-09T17:15:40","slug":"maestros-toman-instalaciones-de-la-sev","status":"publish","type":"post","link":"https:\/\/globalnewsmexico.com\/sitio\/maestros-toman-instalaciones-de-la-sev\/","title":{"rendered":"Maestros toman instalaciones de la SEV"},"content":{"rendered":"\n<p>La ma\u00f1ana de este lunes, maestros de la Uni\u00f3n de Sindicatos Magisteriales del Estado de Veracruz (USMEV) tomaron las instalaciones de la Secretar\u00eda de Educaci\u00f3n (SEV), para exigir cambios de adscripci\u00f3n.<\/p>\n\n\n\n<p>El secretario general de Alternativa S\u00edndica de Trabajadores de la Educaci\u00f3n de Veracruz (ASTEV), Ignacio Ortiz Reyes, lament\u00f3 que la SEV no respete las demandas y peticiones de cada uno de los sindicatos, a los cuales ya se hab\u00eda comprometido, como son las recategorizaciones, cambios de adscripci\u00f3n y la cotizaci\u00f3n de cuotas sindicales.<\/p>\n\n\n\n<p>A pesar de las mesas de trabajo que han realizado, no han tenido respuesta hasta el momento; por el contrario, lo han tomado como una burla al no ver avances.<\/p>\n\n\n\n<p>\u201cSi los cambios de adscripci\u00f3n no salen antes de que termine el a\u00f1o, llegar\u00e1 enero y los mandar\u00e1n hasta agosto, situaci\u00f3n que no podemos permitir; estamos cansados de que nos quieran tomar el pelo, somos sindicatos, no t\u00edteres, y tenemos la representaci\u00f3n leg\u00edtima de los maestros\u201d, expres\u00f3.<\/p>\n\n\n\n<p>Por lo anterior, sostuvo que la SEV estar\u00e1 tomada hasta que sea necesario, \u201choy no estamos en la disposici\u00f3n de que alguien nos reciba, conforme veamos movimientos con base en las demandas solicitadas, es como vamos a ir levantando esta manifestaci\u00f3n\u201d.<\/p>\n\n\n\n<p>Ortiz Reyes destac\u00f3 el mal actuar de los funcionarios de la SEV: \u201cel martes estuvimos haciendo antesala para ver al secretario de Educaci\u00f3n, Roberto Zenyazen Escobar, y despu\u00e9s de varias horas salieron de su oficina para decirnos que no nos iba a atender, porque podr\u00edamos poner en riesgo su salud ante el Covid-19&#8243;.<\/p>\n","protected":false},"excerpt":{"rendered":"<p>La ma\u00f1ana de este lunes, maestros de la Uni\u00f3n de Sindicatos Magisteriales del Estado de Veracruz (USMEV) tomaron las instalaciones de la Secretar\u00eda de Educaci\u00f3n (SEV), para exigir cambios de adscripci\u00f3n. El secretario general de Alternativa S\u00edndica de Trabajadores de la Educaci\u00f3n de Veracruz (ASTEV), Ignacio Ortiz Reyes, lament\u00f3 que la SEV no respete las<a class=\"read-more\" href=\"https:\/\/globalnewsmexico.com\/sitio\/maestros-toman-instalaciones-de-la-sev\/\">Leer m\u00e1s<\/a><\/p>\n","protected":false},"author":5,"featured_media":56844,"comment_status":"closed","ping_status":"open","sticky":false,"template":"","format":"standard","meta":{"spay_email":"","footnotes":""},"categories":[37,8,50,52],"tags":[],"jetpack_featured_media_url":"https:\/\/i0.wp.com\/globalnewsmexico.com\/sitio\/wp-content\/uploads\/2020\/11\/71b16351-7b91-4084-bd6f-3fd5f99ff68a.jpg?fit=1040%2C656&ssl=1","jetpack_sharing_enabled":true,"jetpack_shortlink":"https:\/\/wp.me\/p9yqPL-eMJ","jetpack_likes_enabled":true,"_links":{"self":[{"href":"https:\/\/globalnewsmexico.com\/sitio\/wp-json\/wp\/v2\/posts\/56837"}],"collection":[{"href":"https:\/\/globalnewsmexico.com\/sitio\/wp-json\/wp\/v2\/posts"}],"about":[{"href":"https:\/\/globalnewsmexico.com\/sitio\/wp-json\/wp\/v2\/types\/post"}],"author":[{"embeddable":true,"href":"https:\/\/globalnewsmexico.com\/sitio\/wp-json\/wp\/v2\/users\/5"}],"replies":[{"embeddable":true,"href":"https:\/\/globalnewsmexico.com\/sitio\/wp-json\/wp\/v2\/comments?post=56837"}],"version-history":[{"count":0,"href":"https:\/\/globalnewsmexico.com\/sitio\/wp-json\/wp\/v2\/posts\/56837\/revisions"}],"wp:featuredmedia":[{"embeddable":true,"href":"https:\/\/globalnewsmexico.com\/sitio\/wp-json\/wp\/v2\/media\/56844"}],"wp:attachment":[{"href":"https:\/\/globalnewsmexico.com\/sitio\/wp-json\/wp\/v2\/media?parent=56837"}],"wp:term":[{"taxonomy":"category","embeddable":true,"href":"https:\/\/globalnewsmexico.com\/sitio\/wp-json\/wp\/v2\/categories?post=56837"},{"taxonomy":"post_tag","embeddable":true,"href":"https:\/\/globalnewsmexico.com\/sitio\/wp-json\/wp\/v2\/tags?post=56837"}],"curies":[{"name":"wp","href":"https:\/\/api.w.org\/{rel}","templated":true}]}}