{"id":56853,"date":"2020-11-09T12:25:53","date_gmt":"2020-11-09T18:25:53","guid":{"rendered":"http:\/\/globalnewsmexico.com\/sitio\/?p=56853"},"modified":"2020-11-09T12:25:57","modified_gmt":"2020-11-09T18:25:57","slug":"secretario-particular-de-amlo-contrato-empresas-fantasma-en-2018-pide-investigarlo","status":"publish","type":"post","link":"https:\/\/globalnewsmexico.com\/sitio\/secretario-particular-de-amlo-contrato-empresas-fantasma-en-2018-pide-investigarlo\/","title":{"rendered":"Secretario particular de AMLO contrat\u00f3 empresas fantasma en 2018; pide investigarlo"},"content":{"rendered":"\n<p>Para la precampa\u00f1a presidencial de\u00a0Andr\u00e9s Manuel L\u00f3pez Obrador, fueron contratadas empresas &#8216;fantasma&#8217;\u00a0para servicios de log\u00edstica y colocaci\u00f3n de espectaculares en Puebla.<\/p>\n\n\n\n<p>De acuerdo con una investigaci\u00f3n realizada por\u00a0Mexicanos Contra la Corrupci\u00f3n y la Impunidad (MCCI),\u00a0Alejandro Esquer Verdugo, ahora secretario particular del mandatario Andr\u00e9s Manuel L\u00f3pez Obrador y quien en el 2018 se desempe\u00f1\u00f3 como secretario de Finanzas del Comit\u00e9 Ejecutivo Nacional de\u00a0Morena, contrat\u00f3\u00a0Ligieri de M\u00e9xico\u00a0para los servicios de log\u00edstica para\u00a015 m\u00edtines en Puebla, que se realizaron entre el 2 y 6 de febrero de ese a\u00f1o.<\/p>\n\n\n\n<p>En el caso de\u00a0ENEC Estrategia de Negocios y Comercio, sus servicios fueron para la colocaci\u00f3n de\u00a010 espectaculares en la misma entidad.<\/p>\n\n\n\n<p>Cabe se\u00f1alar que ambas compa\u00f1\u00edas fueron incluidas en un\u00a0listado de personas morales que simulaban operaciones comerciales con fines de evasi\u00f3n fiscal,\u00a0lo que se identifica como empresas fantasmas.<\/p>\n\n\n\n<p>El 7 de septiembre de 2020, en el Diario Oficial de la Federaci\u00f3n se public\u00f3 la resoluci\u00f3n definitiva en que Ligieri de M\u00e9xico simul\u00f3 operaciones y en el caso de ENEC Estrategia de Negocios y Comercio justific\u00f3 la misma situaci\u00f3n en abril.<\/p>\n\n\n\n<p>Mexicanos contra la Corrupci\u00f3n\u00a0indic\u00f3 que hasta hace unos d\u00edas, exist\u00eda en la p\u00e1gina de Morena el v\u00ednculo a los contratos que sign\u00f3 Esquer Verdugo con ambas compa\u00f1\u00edas, aunque fueron eliminados se pueden consultar una copia de seguridad.<\/p>\n\n\n\n<p>El<strong>\u00a0<\/strong>Instituto Nacional Electoral\u00a0(INE) confirm\u00f3 que ambas firmas con sede en Puebla estaban el padr\u00f3n de proveedores, pero\u00a0fueron dadas de baja este a\u00f1o al no gestionar su refrendo.<\/p>\n\n\n\n<p>El Partido Acci\u00f3n Nacional (PAN), en julio de 2018, se quej\u00f3 ante el INE y justific\u00f3 que<strong>\u00a0<\/strong>Morena habr\u00eda rebasado los gastos de precampa\u00f1a, ya que cada mitin contratado con Ligieri hab\u00eda desembolsado 398 mil pesos, pero el partido fundado por L\u00f3pez Obrador report\u00f3 un pago de\u00a036 mil 450 pesos, para la colocaci\u00f3n de templetes, equipo de sonido, carpas, vallas de seguridad, escenario y lonas.<\/p>\n\n\n\n<p>Para la realizaci\u00f3n de los 15 eventos desembols\u00f3 546 mil pesos.<\/p>\n\n\n\n<p>Mientras que en monitoreo hecho por el INE en ese a\u00f1o no hay registro de los espectaculares que se colocaron en la precampa\u00f1a en Puebla, que contrat\u00f3 con ENEC Estrategia de Negocios y Comercio.<\/p>\n\n\n\n<p>El contrato lo firm\u00f3 el partido el 24 de enero del 2018, por un pago de 348 mil pesos por la renta de 10 espectaculares en la ciudad de Puebla. MCC solicit\u00f3 entrevista con Alejandro Esquer pero no obtuvieron una respuesta<\/p>\n\n\n\n<p>ENEC fue dada de alta en octubre del 2015 en el Registro P\u00fablico Comercio y fue liquidada el 8 de octubre de 2018,\u00a0nueve meses despu\u00e9s de las contrataciones hechas por Morena. Sus accionistas fueron Elizabeth Bonilla Ju\u00e1rez y Fernando Gabino Barrera Bonilla.<\/p>\n\n\n\n<p>Ligeri de M\u00e9xico fue creada en abril de 2016 y dej\u00f3 de existir en febrero de 2019,\u00a0un a\u00f1o despu\u00e9s de los servicios que prest\u00f3 a Morena.<\/p>\n\n\n\n<p>Cabe se\u00f1alar que MCCI refiri\u00f3 que solicit\u00f3 entrevista con Alejandro Esquer, pero no obtuvo respuesta.\u00a0El secretario particular de L\u00f3pez Obrador ha trabajado con \u00e9l desde 1996, en los diferentes cargos que ha tenido en la pol\u00edtica.<\/p>\n\n\n\n<p>El nombre de Esquer Verdugo fue mencionado por Jaime C\u00e1rdenas, que tras su renuncia en el Instituto para Devolverle al Pueblo lo Robado (Indep), declar\u00f3 para Reforma que el secretario particular del presidente solap\u00f3 actor de corrupci\u00f3n en el Instituto, que incluy\u00f3 rob\u00f3.<\/p>\n\n\n\n<h2 class=\"wp-block-heading\">Que se investigue: AMLO<\/h2>\n\n\n\n<p>Al ser cuestionado al respecto, Andr\u00e9s Manuel L\u00f3pez Obrador dijo no saber al respecto y a\u00f1adi\u00f3 que \u201ces parte de la campa\u00f1a de desprestigio a nuestro gobierno, es el otro pasqu\u00edn inmundo,\u00a0El Universal\u201d.<\/p>\n\n\n\n<p>Dijo que no existe ning\u00fan problema con que se investigue el hecho y que se aclare. \u201cPero es parte de la campa\u00f1a, tanto (Alejandro) Junto, due\u00f1o de\u00a0Reforma\u00a0como (Juan Francisco) Ealy Ortiz, due\u00f1o de\u00a0El Universal, son como los l\u00edderes morales o espirituales del Frenaaa 1 y el Frenaaa 2\u201d.<\/p>\n\n\n\n<p>El presidente dice que con otros mandatarios han obedecido y que\u00a0no entiende la raz\u00f3n por la que no pasa lo mismo con su gobierno\u00a0y en contraste, enfatiz\u00f3 que no existe censura para los medios de comunicaci\u00f3n.<\/p>\n\n\n\n<p>Fuente: Infobae<\/p>\n","protected":false},"excerpt":{"rendered":"<p>Para la precampa\u00f1a presidencial de\u00a0Andr\u00e9s Manuel L\u00f3pez Obrador, fueron contratadas empresas &#8216;fantasma&#8217;\u00a0para servicios de log\u00edstica y colocaci\u00f3n de espectaculares en Puebla. De acuerdo con una investigaci\u00f3n realizada por\u00a0Mexicanos Contra la Corrupci\u00f3n y la Impunidad (MCCI),\u00a0Alejandro Esquer Verdugo, ahora secretario particular del mandatario Andr\u00e9s Manuel L\u00f3pez Obrador y quien en el 2018 se desempe\u00f1\u00f3 como secretario<a class=\"read-more\" href=\"https:\/\/globalnewsmexico.com\/sitio\/secretario-particular-de-amlo-contrato-empresas-fantasma-en-2018-pide-investigarlo\/\">Leer m\u00e1s<\/a><\/p>\n","protected":false},"author":5,"featured_media":56854,"comment_status":"closed","ping_status":"open","sticky":false,"template":"","format":"standard","meta":{"spay_email":"","footnotes":""},"categories":[37,8,39,52],"tags":[],"jetpack_featured_media_url":"https:\/\/i0.wp.com\/globalnewsmexico.com\/sitio\/wp-content\/uploads\/2020\/11\/QKWHAR6PM5FNDFMPPM5D5HY3XI.jpg?fit=1024%2C683&ssl=1","jetpack_sharing_enabled":true,"jetpack_shortlink":"https:\/\/wp.me\/p9yqPL-eMZ","jetpack_likes_enabled":true,"_links":{"self":[{"href":"https:\/\/globalnewsmexico.com\/sitio\/wp-json\/wp\/v2\/posts\/56853"}],"collection":[{"href":"https:\/\/globalnewsmexico.com\/sitio\/wp-json\/wp\/v2\/posts"}],"about":[{"href":"https:\/\/globalnewsmexico.com\/sitio\/wp-json\/wp\/v2\/types\/post"}],"author":[{"embeddable":true,"href":"https:\/\/globalnewsmexico.com\/sitio\/wp-json\/wp\/v2\/users\/5"}],"replies":[{"embeddable":true,"href":"https:\/\/globalnewsmexico.com\/sitio\/wp-json\/wp\/v2\/comments?post=56853"}],"version-history":[{"count":0,"href":"https:\/\/globalnewsmexico.com\/sitio\/wp-json\/wp\/v2\/posts\/56853\/revisions"}],"wp:featuredmedia":[{"embeddable":true,"href":"https:\/\/globalnewsmexico.com\/sitio\/wp-json\/wp\/v2\/media\/56854"}],"wp:attachment":[{"href":"https:\/\/globalnewsmexico.com\/sitio\/wp-json\/wp\/v2\/media?parent=56853"}],"wp:term":[{"taxonomy":"category","embeddable":true,"href":"https:\/\/globalnewsmexico.com\/sitio\/wp-json\/wp\/v2\/categories?post=56853"},{"taxonomy":"post_tag","embeddable":true,"href":"https:\/\/globalnewsmexico.com\/sitio\/wp-json\/wp\/v2\/tags?post=56853"}],"curies":[{"name":"wp","href":"https:\/\/api.w.org\/{rel}","templated":true}]}}