{"id":57148,"date":"2020-11-13T14:00:11","date_gmt":"2020-11-13T20:00:11","guid":{"rendered":"http:\/\/globalnewsmexico.com\/sitio\/?p=57148"},"modified":"2020-11-13T14:00:15","modified_gmt":"2020-11-13T20:00:15","slug":"giran-orden-de-captura-contra-roberto-sandoval-exgobernador-de-nayarit","status":"publish","type":"post","link":"https:\/\/globalnewsmexico.com\/sitio\/giran-orden-de-captura-contra-roberto-sandoval-exgobernador-de-nayarit\/","title":{"rendered":"Giran orden de captura contra Roberto Sandoval, exgobernador de Nayarit"},"content":{"rendered":"\n<p>A petici\u00f3n de la Fiscal\u00eda General de Justicia, fue emitida una orden de aprehensi\u00f3n en contra del\u00a0exgobernador de Nayarit, Roberto Sandoval Casta\u00f1eda, por los delitos de enriquecimiento il\u00edcito,\u00a0peculado y cohecho.<\/p>\n\n\n\n<p>De acuerdo con informaci\u00f3n de la Fiscal\u00eda estatal, un juez de control emiti\u00f3 la orden de aprehensi\u00f3n y se solicit\u00f3 la colaboraci\u00f3n de las autoridades en M\u00e9xico y otros pa\u00edses.<\/p>\n\n\n\n<p>La dependencia indic\u00f3 que se judicializ\u00f3 la carpeta de investigaci\u00f3n del 2018 mediante una denuncia presentada por la Comisi\u00f3n de la Verdad, donde acusaban al exmandatario de enriquecimiento il\u00edcito.<\/p>\n\n\n\n<p>La Fiscal\u00eda General de Justicia del estado solicit\u00f3 la colaboraci\u00f3n de los gobiernos estatales y federal para ubicar y detener al exgobernador; asimismo, solicit\u00f3 a la Interpol la emisi\u00f3n de la\u00a0ficha de b\u00fasqueda\u00a0correspondiente.<\/p>\n\n\n\n<p>La Fiscal\u00eda Estatal, el 5 de marzo del 2018, asegur\u00f3 cinco\u00a0propiedades\u00a0del exgobernador, derivado de la denuncia que interpuso la Comisi\u00f3n de la Verdad en contra del priista por presunto enriquecimiento il\u00edcito,\u00a0uso indebido de funciones y desv\u00edo de recursos.<\/p>\n\n\n\n<p>Entre las&nbsp;propiedades&nbsp;aseguradas se encuentra un rancho denominado La Cantera, de 40 mil metros cuadrados, ubicado en la zona territorial de La Cantera en Tepic.&nbsp;<\/p>\n\n\n\n<p>Adem\u00e1s de una finca en el fraccionamiento Dr. Leyva Medina en la calle Mateo del Regil; una residencia en el coto privado Bonavida, ubicado en la calle Paseo de Los Bosques, fraccionamiento Bonaterra; otra residencia en el fraccionamiento Lago David Residencial en el circuito El Armadillo en Tepic y la Fundaci\u00f3n RIE en la cual es copropietario, localizada en Tepic.\u00a0<\/p>\n\n\n\n<p>\u00a0La residencial en Bonavida, seg\u00fan la Fiscal\u00eda de Justicia, se encuentra a nombre de Lidi Alejandra\u00a0Sandoval,\u00a0hija del ex mandatario.\u00a0<\/p>\n\n\n\n<p>El 12 de abril de 2018, la Fiscal\u00eda de Nayarit tambi\u00e9n\u00a0asegur\u00f3 el rancho El Sue\u00f1o, propiedad del exgobernador Sandoval\u00a0Casta\u00f1eda.\u00a0<\/p>\n\n\n\n<p>Personal del \u00e1rea de la Fiscal\u00eda, agentes del Ministerio P\u00fablico y polic\u00edas estatales colocaron los sellos de aseguramiento en la propiedad, de 17 hect\u00e1reas, ubicada en el poblado de Aut\u00e1n, municipio de San Blas.&nbsp;<\/p>\n\n\n\n<p>\u00a0El rancho fue empleado para la cr\u00eda de caballos, yeguas aztecas y espa\u00f1olas en sociedad con los cantantes Joan Sebasti\u00e1n y Ezequiel &#8216;El Cheque&#8217; Pe\u00f1a.<\/p>\n\n\n\n<p>Fuente: Milenio<\/p>\n","protected":false},"excerpt":{"rendered":"<p>A petici\u00f3n de la Fiscal\u00eda General de Justicia, fue emitida una orden de aprehensi\u00f3n en contra del\u00a0exgobernador de Nayarit, Roberto Sandoval Casta\u00f1eda, por los delitos de enriquecimiento il\u00edcito,\u00a0peculado y cohecho. De acuerdo con informaci\u00f3n de la Fiscal\u00eda estatal, un juez de control emiti\u00f3 la orden de aprehensi\u00f3n y se solicit\u00f3 la colaboraci\u00f3n de las autoridades<a class=\"read-more\" href=\"https:\/\/globalnewsmexico.com\/sitio\/giran-orden-de-captura-contra-roberto-sandoval-exgobernador-de-nayarit\/\">Leer m\u00e1s<\/a><\/p>\n","protected":false},"author":5,"featured_media":57149,"comment_status":"closed","ping_status":"open","sticky":false,"template":"","format":"standard","meta":{"spay_email":"","footnotes":""},"categories":[37,8,39,52],"tags":[],"jetpack_featured_media_url":"https:\/\/i2.wp.com\/globalnewsmexico.com\/sitio\/wp-content\/uploads\/2020\/11\/fiscalia-solicito-interpol-ficha-busqueda_3_0_1191_740.jpg?fit=958%2C596&ssl=1","jetpack_sharing_enabled":true,"jetpack_shortlink":"https:\/\/wp.me\/p9yqPL-eRK","jetpack_likes_enabled":true,"_links":{"self":[{"href":"https:\/\/globalnewsmexico.com\/sitio\/wp-json\/wp\/v2\/posts\/57148"}],"collection":[{"href":"https:\/\/globalnewsmexico.com\/sitio\/wp-json\/wp\/v2\/posts"}],"about":[{"href":"https:\/\/globalnewsmexico.com\/sitio\/wp-json\/wp\/v2\/types\/post"}],"author":[{"embeddable":true,"href":"https:\/\/globalnewsmexico.com\/sitio\/wp-json\/wp\/v2\/users\/5"}],"replies":[{"embeddable":true,"href":"https:\/\/globalnewsmexico.com\/sitio\/wp-json\/wp\/v2\/comments?post=57148"}],"version-history":[{"count":0,"href":"https:\/\/globalnewsmexico.com\/sitio\/wp-json\/wp\/v2\/posts\/57148\/revisions"}],"wp:featuredmedia":[{"embeddable":true,"href":"https:\/\/globalnewsmexico.com\/sitio\/wp-json\/wp\/v2\/media\/57149"}],"wp:attachment":[{"href":"https:\/\/globalnewsmexico.com\/sitio\/wp-json\/wp\/v2\/media?parent=57148"}],"wp:term":[{"taxonomy":"category","embeddable":true,"href":"https:\/\/globalnewsmexico.com\/sitio\/wp-json\/wp\/v2\/categories?post=57148"},{"taxonomy":"post_tag","embeddable":true,"href":"https:\/\/globalnewsmexico.com\/sitio\/wp-json\/wp\/v2\/tags?post=57148"}],"curies":[{"name":"wp","href":"https:\/\/api.w.org\/{rel}","templated":true}]}}