{"id":57182,"date":"2020-11-14T11:38:25","date_gmt":"2020-11-14T17:38:25","guid":{"rendered":"http:\/\/globalnewsmexico.com\/sitio\/?p=57182"},"modified":"2020-11-14T11:38:30","modified_gmt":"2020-11-14T17:38:30","slug":"que-estados-aplicaran-multas-y-arrestos-si-no-se-usa-cubrebocas","status":"publish","type":"post","link":"https:\/\/globalnewsmexico.com\/sitio\/que-estados-aplicaran-multas-y-arrestos-si-no-se-usa-cubrebocas\/","title":{"rendered":"\u00bfQu\u00e9 estados aplicar\u00e1n multas y arrestos si no se usa cubrebocas?"},"content":{"rendered":"\n<p>Ante la\u00a0pandemia de Covid-19\u00a0en M\u00e9xico, algunos\u00a0estados de la Rep\u00fablica multar\u00e1n\u00a0hasta con\u00a08 mil pesos a quienes\u00a0no usen cubrebocas.<\/p>\n\n\n\n<p>Y es que aunque la\u00a0pandemia, en su primer brote en M\u00e9xico, finaliz\u00f3, las autoridades sanitarias estiman que en la temporada invernal se podr\u00edan presentar muchos m\u00e1s casos del SARS-CoV2, por lo que desde el semestre anterior, es una realidad el uso obligatorio de mascarillas para no propagar m\u00e1s contagios.<\/p>\n\n\n\n<p>Los estados donde se ha hecho obligatoria esta medida, son:<\/p>\n\n\n\n<ul><li><strong>Ciudad de M\u00e9xico<\/strong><\/li><\/ul>\n\n\n\n<p>De acuerdo con la jefa de Gobierno de la Ciudad de M\u00e9xico,\u00a0Claudia Sheinbaum, habr\u00e1 sanciones para quien no use el cubrebocas en la calle. Inform\u00f3 tambi\u00e9n que las sanciones se aplicar\u00e1n en los establecimientos del Centro Hist\u00f3rico que no cumplan con el uso de mascarillas ni de caretas.<\/p>\n\n\n\n<ul><li><strong>Campeche<\/strong><\/li><\/ul>\n\n\n\n<p>En este estado, el uso de cubrebocas se considera obligatorio desde el 22 de abril, luego de que la medida se public\u00f3 en el Diario Oficial de la Federaci\u00f3n. Para las autoridades locales, el uso de las mascarillas ayuda a reducir el n\u00famero de contagios por\u00a0Covid-19\u00a0en la entidad.<\/p>\n\n\n\n<ul><li><strong>Quintana Roo<\/strong><\/li><\/ul>\n\n\n\n<p>En julio de este a\u00f1o, el Diario Oficial del Estado de Quintana Roo contempl\u00f3 la aplicaci\u00f3n de sanciones econ\u00f3micas, arrestos de hasta 36 horas y multas de hasta 3 mil pesos para quienes no porten mascarillas en la v\u00eda p\u00fablica ni en espacios p\u00fablicos, o se nieguen a mantener la sana distancia.<\/p>\n\n\n\n<ul><li><strong>Yucat\u00e1n<\/strong><\/li><\/ul>\n\n\n\n<p>El gobernador de la entidad, Mauricio Vila Dosal, anunci\u00f3 en meses pasados el uso obligatorio del cubrebocas para contener la pandemia de Covid-19. Entre las medidas que se aplicaron, est\u00e1 que los negocios no permitan la entrada a clientes que no porten la mascarilla, mientras que en el transporte p\u00fablico tampoco se permitir\u00e1 el acceso a quien no cumpla con las normas sanitarias. Los veh\u00edculos particulares \u00fanicamente podr\u00e1n transportar a una persona, salvo cuando sea trasladado para recibir atenci\u00f3n m\u00e9dica.<\/p>\n\n\n\n<ul><li><strong>Nuevo Le\u00f3n<\/strong><\/li><\/ul>\n\n\n\n<p>En este estado se aplicar\u00e1n sanciones que van desde el trabajo comunitario, hasta 36 horas de arresto en caso de no usar cubrebocas.<\/p>\n\n\n\n<ul><li><strong>Jalisco<\/strong><\/li><\/ul>\n\n\n\n<p>Seg\u00fan el Peri\u00f3dico Oficial del Estado de Jalisco, en abril entraron en vigor las sanciones y multas previstas para quienes no cumplan con las normas sanitarias; se trata de arrestos hasta por 36 horas y multas econ\u00f3micas.<\/p>\n\n\n\n<ul><li><strong>Coahuila<\/strong><\/li><\/ul>\n\n\n\n<p>En este estado, usar mascarilla es obligatorio desde abril, mientras que las sanciones pueden ir desde las 36 horas de arresto hasta multas de 800 pesos a automovilistas.<\/p>\n\n\n\n<ul><li><strong>Puebla<\/strong><\/li><\/ul>\n\n\n\n<p>El gobernador Miguel Barbosa inform\u00f3 que es obligatorio el uso de cubrebocas en la entidad, y detall\u00f3 que su Gobierno adquiri\u00f3 medio mill\u00f3n de tipo cubrebocas N95, para ser distribuidos a los m\u00e9dicos del estado.<\/p>\n\n\n\n<ul><li><strong>Chihuahua<\/strong><\/li><\/ul>\n\n\n\n<p>Con la finalidad de establecer como medida de prevenci\u00f3n y cuidado a la salud p\u00fablica el uso obligatorio de cubrebocas en las personas, el Congreso del Estado de Chihuahua expidi\u00f3 en Sesi\u00f3n Ordinaria virtual la Ley que Regula el Uso Obligatorio de Cubrebocas.<\/p>\n\n\n\n<p>Las multas, en el caso de propietarios o administradores de los establecimientos comerciales, industriales, empresariales, de negocios o de servicios previsto en el art\u00edculo 12, ser\u00e1 de hasta 15 veces el valor diario de la Unidad de Medida y Actualizaci\u00f3n (UMA). En los dem\u00e1s casos ser\u00e1 hasta cinco veces el valor diario de la dicha Unidad.<\/p>\n\n\n\n<ul><li><strong>Tamaulipas<\/strong><\/li><\/ul>\n\n\n\n<p>Desde la llegada de la pandemia a M\u00e9xico, el gobierno de Francisco Garc\u00eda Cabeza de Vaca declar\u00f3 Emergencia Sanitaria Estatal y anunci\u00f3 el uso obligatorio de cubrebocas.<\/p>\n\n\n\n<ul><li><strong>Durango<\/strong><\/li><\/ul>\n\n\n\n<p>El gobernador de Durango, Jos\u00e9 Rosas Aispuro Torres, present\u00f3 una iniciativa al Congreso del Estado para hacer obligatorio el uso de cubrebocas hasta que concluya la emergencia por Covid-19, en lugares p\u00fablicos. Este deber\u00e1 ser obligatorio en el interior de establecimientos comerciales, de servicio, industria, centros de trabajo y transportes de pasajeros<\/p>\n\n\n\n<ul><li><strong>Morelos<\/strong><\/li><\/ul>\n\n\n\n<p>Tras el creciente aumento de contagios de Covid-19, se aprobaron sanciones y hasta 36 horas de arresto para quienes se nieguen a usar cubrebocas.<\/p>\n\n\n\n<ul><li><strong>Estado de M\u00e9xico<\/strong><\/li><\/ul>\n\n\n\n<p>El gobernador del Estado de M\u00e9xico, Alfredo Del Mazo Maza, inform\u00f3 que las medidas para combatir el Covid-19 son el uso de cubrebocas de manera obligatoria y el programa Hoy No Circula en el Valle de Toluca y la Zona Metropolitana del Valle de M\u00e9xico.<\/p>\n\n\n\n<p>Fuente: Radio F\u00f3rmula<\/p>\n","protected":false},"excerpt":{"rendered":"<p>Ante la\u00a0pandemia de Covid-19\u00a0en M\u00e9xico, algunos\u00a0estados de la Rep\u00fablica multar\u00e1n\u00a0hasta con\u00a08 mil pesos a quienes\u00a0no usen cubrebocas. Y es que aunque la\u00a0pandemia, en su primer brote en M\u00e9xico, finaliz\u00f3, las autoridades sanitarias estiman que en la temporada invernal se podr\u00edan presentar muchos m\u00e1s casos del SARS-CoV2, por lo que desde el semestre anterior, es una<a class=\"read-more\" href=\"https:\/\/globalnewsmexico.com\/sitio\/que-estados-aplicaran-multas-y-arrestos-si-no-se-usa-cubrebocas\/\">Leer m\u00e1s<\/a><\/p>\n","protected":false},"author":5,"featured_media":49988,"comment_status":"closed","ping_status":"open","sticky":false,"template":"","format":"standard","meta":{"spay_email":"","footnotes":""},"categories":[37,8,39,52],"tags":[],"jetpack_featured_media_url":"https:\/\/i2.wp.com\/globalnewsmexico.com\/sitio\/wp-content\/uploads\/2020\/06\/semaforo-coronavirus-coahuila-mantiene-naranja_0_27_1200_746.jpg?fit=958%2C596&ssl=1","jetpack_sharing_enabled":true,"jetpack_shortlink":"https:\/\/wp.me\/p9yqPL-eSi","jetpack_likes_enabled":true,"_links":{"self":[{"href":"https:\/\/globalnewsmexico.com\/sitio\/wp-json\/wp\/v2\/posts\/57182"}],"collection":[{"href":"https:\/\/globalnewsmexico.com\/sitio\/wp-json\/wp\/v2\/posts"}],"about":[{"href":"https:\/\/globalnewsmexico.com\/sitio\/wp-json\/wp\/v2\/types\/post"}],"author":[{"embeddable":true,"href":"https:\/\/globalnewsmexico.com\/sitio\/wp-json\/wp\/v2\/users\/5"}],"replies":[{"embeddable":true,"href":"https:\/\/globalnewsmexico.com\/sitio\/wp-json\/wp\/v2\/comments?post=57182"}],"version-history":[{"count":0,"href":"https:\/\/globalnewsmexico.com\/sitio\/wp-json\/wp\/v2\/posts\/57182\/revisions"}],"wp:featuredmedia":[{"embeddable":true,"href":"https:\/\/globalnewsmexico.com\/sitio\/wp-json\/wp\/v2\/media\/49988"}],"wp:attachment":[{"href":"https:\/\/globalnewsmexico.com\/sitio\/wp-json\/wp\/v2\/media?parent=57182"}],"wp:term":[{"taxonomy":"category","embeddable":true,"href":"https:\/\/globalnewsmexico.com\/sitio\/wp-json\/wp\/v2\/categories?post=57182"},{"taxonomy":"post_tag","embeddable":true,"href":"https:\/\/globalnewsmexico.com\/sitio\/wp-json\/wp\/v2\/tags?post=57182"}],"curies":[{"name":"wp","href":"https:\/\/api.w.org\/{rel}","templated":true}]}}