{"id":57316,"date":"2020-11-17T15:33:51","date_gmt":"2020-11-17T21:33:51","guid":{"rendered":"http:\/\/globalnewsmexico.com\/sitio\/?p=57316"},"modified":"2020-11-17T15:33:55","modified_gmt":"2020-11-17T21:33:55","slug":"colombia-entra-en-recesion-economica-por-primera-vez-en-dos-decadas-ante-covid-19","status":"publish","type":"post","link":"https:\/\/globalnewsmexico.com\/sitio\/colombia-entra-en-recesion-economica-por-primera-vez-en-dos-decadas-ante-covid-19\/","title":{"rendered":"Colombia entra en recesi\u00f3n econ\u00f3mica por primera vez en dos d\u00e9cadas ante Covid-19"},"content":{"rendered":"\n<p>Colombia entr\u00f3 en recesi\u00f3n por primera vez desde 1999, a causa de la par\u00e1lisis provocada por la pandemia de coronavirus, tras registrar por segundo trimestre consecutivo una contracci\u00f3n del Producto Interno Bruto (PIB).<\/p>\n\n\n\n<p>La contracci\u00f3n de 9 por ciento del tercer trimestre con respecto al mismo per\u00edodo de 2019 fue, no obstante, menor al desplome de -15.8 por ciento registrado entre abril y junio, aunque est\u00e1 lejos de la expansi\u00f3n de 3.5 por ciento que mostr\u00f3 en el mismo periodo del a\u00f1o pasado, seg\u00fan datos oficiales publicados este martes.<\/p>\n\n\n\n<p>Fuente: Agencias<\/p>\n","protected":false},"excerpt":{"rendered":"<p>Colombia entr\u00f3 en recesi\u00f3n por primera vez desde 1999, a causa de la par\u00e1lisis provocada por la pandemia de coronavirus, tras registrar por segundo trimestre consecutivo una contracci\u00f3n del Producto Interno Bruto (PIB). La contracci\u00f3n de 9 por ciento del tercer trimestre con respecto al mismo per\u00edodo de 2019 fue, no obstante, menor al desplome<a class=\"read-more\" href=\"https:\/\/globalnewsmexico.com\/sitio\/colombia-entra-en-recesion-economica-por-primera-vez-en-dos-decadas-ante-covid-19\/\">Leer m\u00e1s<\/a><\/p>\n","protected":false},"author":5,"featured_media":57317,"comment_status":"closed","ping_status":"open","sticky":false,"template":"","format":"standard","meta":{"spay_email":"","footnotes":""},"categories":[37,8,48,52],"tags":[],"jetpack_featured_media_url":"https:\/\/i0.wp.com\/globalnewsmexico.com\/sitio\/wp-content\/uploads\/2020\/11\/grupo-campesinos-protesto-bogota-crisis_0_0_1200_747.jpg?fit=958%2C596&ssl=1","jetpack_sharing_enabled":true,"jetpack_shortlink":"https:\/\/wp.me\/p9yqPL-eUs","jetpack_likes_enabled":true,"_links":{"self":[{"href":"https:\/\/globalnewsmexico.com\/sitio\/wp-json\/wp\/v2\/posts\/57316"}],"collection":[{"href":"https:\/\/globalnewsmexico.com\/sitio\/wp-json\/wp\/v2\/posts"}],"about":[{"href":"https:\/\/globalnewsmexico.com\/sitio\/wp-json\/wp\/v2\/types\/post"}],"author":[{"embeddable":true,"href":"https:\/\/globalnewsmexico.com\/sitio\/wp-json\/wp\/v2\/users\/5"}],"replies":[{"embeddable":true,"href":"https:\/\/globalnewsmexico.com\/sitio\/wp-json\/wp\/v2\/comments?post=57316"}],"version-history":[{"count":0,"href":"https:\/\/globalnewsmexico.com\/sitio\/wp-json\/wp\/v2\/posts\/57316\/revisions"}],"wp:featuredmedia":[{"embeddable":true,"href":"https:\/\/globalnewsmexico.com\/sitio\/wp-json\/wp\/v2\/media\/57317"}],"wp:attachment":[{"href":"https:\/\/globalnewsmexico.com\/sitio\/wp-json\/wp\/v2\/media?parent=57316"}],"wp:term":[{"taxonomy":"category","embeddable":true,"href":"https:\/\/globalnewsmexico.com\/sitio\/wp-json\/wp\/v2\/categories?post=57316"},{"taxonomy":"post_tag","embeddable":true,"href":"https:\/\/globalnewsmexico.com\/sitio\/wp-json\/wp\/v2\/tags?post=57316"}],"curies":[{"name":"wp","href":"https:\/\/api.w.org\/{rel}","templated":true}]}}