{"id":57402,"date":"2020-11-18T19:46:10","date_gmt":"2020-11-19T01:46:10","guid":{"rendered":"http:\/\/globalnewsmexico.com\/sitio\/?p=57402"},"modified":"2020-11-18T19:46:17","modified_gmt":"2020-11-19T01:46:17","slug":"tribunal-confirma-embargo-por-500-mdp-contra-extesorero-de-javier-duarte","status":"publish","type":"post","link":"https:\/\/globalnewsmexico.com\/sitio\/tribunal-confirma-embargo-por-500-mdp-contra-extesorero-de-javier-duarte\/","title":{"rendered":"Tribunal confirma embargo por 500 mdp contra extesorero de Javier Duarte"},"content":{"rendered":"\n<p>El Tribunal Federal de Justicia Administrativa (TFJA) confirm\u00f3 la procedencia de un embargo de bienes por 500 millones de pesos, ordenado por la Auditor\u00eda Superior de la Federaci\u00f3n (ASF) en contra de Antonio Tarek Abdal\u00e1, extesorero del exgobernador de Veracruz, Javier Duarte.<\/p>\n\n\n\n<p>El embargo por dicho monto, que debe ser ejecutado por el Servicio de Administraci\u00f3n Tributaria (SAT),\u00a0servir\u00e1 para garantizar el pago de siete cr\u00e9ditos fiscales derivados de sanciones impuestas en 2016\u00a0por la Auditor\u00eda Superior de la Federaci\u00f3n.<\/p>\n\n\n\n<p>En sesi\u00f3n de este mi\u00e9rcoles, el pleno del TFJA decidi\u00f3 sobreseer dos juicios interpuestos por Abdal\u00e1 Saab, con los cuales\u00a0pretendi\u00f3 impugnar sendos pliegos definitivos de responsabilidades emitidos por la ASF, de agosto de 2018, en los que ordenaba la ejecuci\u00f3n de los cr\u00e9ditos fiscales, cuyo mandamiento de ejecuci\u00f3n se emiti\u00f3 en septiembre de 2018.<\/p>\n\n\n\n<p>En los dos casos expuestos en la sesi\u00f3n del TFJA, uno a cargo de la magistrada Zulema Mosri y otro, del magistrado Carlos Chaurand Arzate, se propuso sobreseer, por improcedentes y por extempor\u00e1neos, las demandas interpuestas contra los pliegos de la Direcci\u00f3n de Responsabilidades a los Recursos Federales en los Estados y Municipios de la ASF,\u00a0con el argumento de que no se le notific\u00f3 en tiempo y forma a Abdal\u00e1 Saab de dichas resoluciones de la ASF.<\/p>\n\n\n\n<p>La magistrada explic\u00f3 que la demanda \u00fanicamente se hab\u00eda admiti\u00f3 en lo relacionado con la notificaci\u00f3n del pliego definitivo de responsabilidades,\u00a0pues desde el inicio se desech\u00f3 respecto del mandamiento de ejecuci\u00f3n fiscal.<\/p>\n\n\n\n<p>\u201cEn el caso concreto, el actor neg\u00f3 que se le hubiese notificado la resoluci\u00f3n que impuso la responsabilidad resarcitoria y la autoridad, en la contestaci\u00f3n de la demanda trae la constancia de notificaci\u00f3n, la actora no ampli\u00f3 la demanda y se declar\u00f3 precluido su derecho; en consecuencia, se tiene por legal la notificaci\u00f3n que se realiz\u00f3 a la actora el 9 de agosto de 2018\u201d, explic\u00f3 la magistrada Mosri Guit\u00e9rrez.<\/p>\n\n\n\n<p>Adem\u00e1s, dijo que la demanda de Abdal\u00e1 fue presentada de manera extempor\u00e1nea \u201cporque se present\u00f3 el 14 de diciembre de 2018, es decir, la actora se excedi\u00f3 del plazo de 30 d\u00edas que ten\u00eda para presentar la demanda, que era hasta el 25 de septiembre de 2018\u201d.<\/p>\n\n\n\n<p>El caso a cargo de Chaurand era pr\u00e1cticamente id\u00e9ntico, por lo que no se dieron m\u00e1s detalles de la demanda;\u00a0el proyecto de resoluci\u00f3n iba en el mismo sentido.<\/p>\n\n\n\n<p>Fuente: Milenio<\/p>\n","protected":false},"excerpt":{"rendered":"<p>El Tribunal Federal de Justicia Administrativa (TFJA) confirm\u00f3 la procedencia de un embargo de bienes por 500 millones de pesos, ordenado por la Auditor\u00eda Superior de la Federaci\u00f3n (ASF) en contra de Antonio Tarek Abdal\u00e1, extesorero del exgobernador de Veracruz, Javier Duarte. El embargo por dicho monto, que debe ser ejecutado por el Servicio de<a class=\"read-more\" href=\"https:\/\/globalnewsmexico.com\/sitio\/tribunal-confirma-embargo-por-500-mdp-contra-extesorero-de-javier-duarte\/\">Leer m\u00e1s<\/a><\/p>\n","protected":false},"author":5,"featured_media":57403,"comment_status":"closed","ping_status":"open","sticky":false,"template":"","format":"standard","meta":{"spay_email":"","footnotes":""},"categories":[37,8,39,52],"tags":[],"jetpack_featured_media_url":"https:\/\/i0.wp.com\/globalnewsmexico.com\/sitio\/wp-content\/uploads\/2020\/11\/antonio-tarek-abdala-saad-archivo_44_6_871_542.jpeg?fit=958%2C596&ssl=1","jetpack_sharing_enabled":true,"jetpack_shortlink":"https:\/\/wp.me\/p9yqPL-eVQ","jetpack_likes_enabled":true,"_links":{"self":[{"href":"https:\/\/globalnewsmexico.com\/sitio\/wp-json\/wp\/v2\/posts\/57402"}],"collection":[{"href":"https:\/\/globalnewsmexico.com\/sitio\/wp-json\/wp\/v2\/posts"}],"about":[{"href":"https:\/\/globalnewsmexico.com\/sitio\/wp-json\/wp\/v2\/types\/post"}],"author":[{"embeddable":true,"href":"https:\/\/globalnewsmexico.com\/sitio\/wp-json\/wp\/v2\/users\/5"}],"replies":[{"embeddable":true,"href":"https:\/\/globalnewsmexico.com\/sitio\/wp-json\/wp\/v2\/comments?post=57402"}],"version-history":[{"count":0,"href":"https:\/\/globalnewsmexico.com\/sitio\/wp-json\/wp\/v2\/posts\/57402\/revisions"}],"wp:featuredmedia":[{"embeddable":true,"href":"https:\/\/globalnewsmexico.com\/sitio\/wp-json\/wp\/v2\/media\/57403"}],"wp:attachment":[{"href":"https:\/\/globalnewsmexico.com\/sitio\/wp-json\/wp\/v2\/media?parent=57402"}],"wp:term":[{"taxonomy":"category","embeddable":true,"href":"https:\/\/globalnewsmexico.com\/sitio\/wp-json\/wp\/v2\/categories?post=57402"},{"taxonomy":"post_tag","embeddable":true,"href":"https:\/\/globalnewsmexico.com\/sitio\/wp-json\/wp\/v2\/tags?post=57402"}],"curies":[{"name":"wp","href":"https:\/\/api.w.org\/{rel}","templated":true}]}}