{"id":57449,"date":"2020-11-19T15:57:54","date_gmt":"2020-11-19T21:57:54","guid":{"rendered":"http:\/\/globalnewsmexico.com\/sitio\/?p=57449"},"modified":"2020-11-19T15:58:17","modified_gmt":"2020-11-19T21:58:17","slug":"juez-dicta-prision-a-capitan-del-ejercito-en-retiro-ligado-a-caso-iguala","status":"publish","type":"post","link":"https:\/\/globalnewsmexico.com\/sitio\/juez-dicta-prision-a-capitan-del-ejercito-en-retiro-ligado-a-caso-iguala\/","title":{"rendered":"Juez dicta prisi\u00f3n a capit\u00e1n del Ej\u00e9rcito en retiro ligado a caso Iguala"},"content":{"rendered":"\n<p>Un juez federal dict\u00f3 auto de formal prisi\u00f3n contra el\u00a0capit\u00e1n del Ej\u00e9rcito en retiro,\u00a0Jos\u00e9 Mart\u00ednez Crespo, quien fue acusado por la Fiscal\u00eda General de la Rep\u00fablica (FGR) por el delito de delincuencia organizada en su modalidad de cometer delitos contra la salud.<\/p>\n\n\n\n<p>Fuentes cercanas al caso mencionaron que el juez Segundo de Distrito de Procesos Penales Federales con sede en Toluca, Estado de M\u00e9xico, consider\u00f3 que la FGR aport\u00f3 los elementos suficientes para presumir la responsabilidad del militar en retiro, al que se le ha\u00a0vinculado con el caso Ayotzinapa.<\/p>\n\n\n\n<p>Hace unos d\u00edas, el abogado Conrado L\u00f3pez Hern\u00e1ndez, quien es persona de confianza del capit\u00e1n Crespo, asegur\u00f3 que no hab\u00eda pruebas para acusar del mencionado delito a su amigo.<\/p>\n\n\n\n<p>De acuerdo con la averiguaci\u00f3n previa que comenz\u00f3 a ser integrada por la entonces Procuradur\u00eda General de la Rep\u00fablica (PGR), el capit\u00e1n Mart\u00ednez Crespo\u00a0tom\u00f3 dos fotograf\u00edas de j\u00f3venes estudiantes y de un profesor, despu\u00e9s de que, atendiendo las \u00f3rdenes de su comandante del 27 de Batall\u00f3n de Infanter\u00eda, se dirigi\u00f3 a una cl\u00ednica privada en el municipio de Iguala la noche del 26 de septiembre de 2014 porque al parecer hab\u00eda gente armada.<\/p>\n\n\n\n<p>Conrado L\u00f3pez explic\u00f3 hace unos d\u00edas a\u00a0Milenio que, despu\u00e9s de hacer la inspecci\u00f3n del inmueble con los protocolos de seguridad e inspecci\u00f3n de inmuebles y tras corroborar que no hab\u00eda gente armada, identific\u00f3 a los alumnos de la Escuela Normal Rural Isidro Burgos, que se resguardaban en la cl\u00ednica. El capit\u00e1n les dio el trato correspondiente.<\/p>\n\n\n\n<p>\u201cLes indic\u00f3 a los j\u00f3venes que se sentaran en la sala de espera de dicha cl\u00ednica y dichos j\u00f3venes no se aprecia que se encuentren violentados por el personal militar\u201d, explic\u00f3.<\/p>\n\n\n\n<p>Mart\u00ednez Crespo tiene dos a\u00f1os retirado del servicio activo, pero en los \u00faltimos cuatro a\u00f1os compareci\u00f3 ante los Ministerios P\u00fablicos del fuero com\u00fan y federal para el esclarecimiento de los sucesos del 26 y 27 de septiembre de 2014, que derivaron en la desaparici\u00f3n de los 43 normalistas de Ayotzinapa.<\/p>\n\n\n\n<p>Tambi\u00e9n lo hizo ante grupos colegiados de expertos que integr\u00f3 la Secretar\u00eda de la Defensa Nacional (Sedena) para realizar una investigaci\u00f3n exhaustiva del caso, independientemente de la indagatoria que llev\u00f3 a cabo en su momento la entonces Procuradur\u00eda General de Justicia Militar para conocer si existieron delitos cometidos contra la disciplina militar.<\/p>\n\n\n\n<p>Fuente: Milenio<\/p>\n","protected":false},"excerpt":{"rendered":"<p>Un juez federal dict\u00f3 auto de formal prisi\u00f3n contra el\u00a0capit\u00e1n del Ej\u00e9rcito en retiro,\u00a0Jos\u00e9 Mart\u00ednez Crespo, quien fue acusado por la Fiscal\u00eda General de la Rep\u00fablica (FGR) por el delito de delincuencia organizada en su modalidad de cometer delitos contra la salud. Fuentes cercanas al caso mencionaron que el juez Segundo de Distrito de Procesos<a class=\"read-more\" href=\"https:\/\/globalnewsmexico.com\/sitio\/juez-dicta-prision-a-capitan-del-ejercito-en-retiro-ligado-a-caso-iguala\/\">Leer m\u00e1s<\/a><\/p>\n","protected":false},"author":5,"featured_media":57450,"comment_status":"closed","ping_status":"open","sticky":false,"template":"","format":"standard","meta":{"spay_email":"","footnotes":""},"categories":[37,8,39,52],"tags":[],"jetpack_featured_media_url":"https:\/\/i2.wp.com\/globalnewsmexico.com\/sitio\/wp-content\/uploads\/2020\/11\/familiares-normalistas-ayotzinapa-manifiestan-antimonumento-2.jpg?fit=958%2C596&ssl=1","jetpack_sharing_enabled":true,"jetpack_shortlink":"https:\/\/wp.me\/p9yqPL-eWB","jetpack_likes_enabled":true,"_links":{"self":[{"href":"https:\/\/globalnewsmexico.com\/sitio\/wp-json\/wp\/v2\/posts\/57449"}],"collection":[{"href":"https:\/\/globalnewsmexico.com\/sitio\/wp-json\/wp\/v2\/posts"}],"about":[{"href":"https:\/\/globalnewsmexico.com\/sitio\/wp-json\/wp\/v2\/types\/post"}],"author":[{"embeddable":true,"href":"https:\/\/globalnewsmexico.com\/sitio\/wp-json\/wp\/v2\/users\/5"}],"replies":[{"embeddable":true,"href":"https:\/\/globalnewsmexico.com\/sitio\/wp-json\/wp\/v2\/comments?post=57449"}],"version-history":[{"count":0,"href":"https:\/\/globalnewsmexico.com\/sitio\/wp-json\/wp\/v2\/posts\/57449\/revisions"}],"wp:featuredmedia":[{"embeddable":true,"href":"https:\/\/globalnewsmexico.com\/sitio\/wp-json\/wp\/v2\/media\/57450"}],"wp:attachment":[{"href":"https:\/\/globalnewsmexico.com\/sitio\/wp-json\/wp\/v2\/media?parent=57449"}],"wp:term":[{"taxonomy":"category","embeddable":true,"href":"https:\/\/globalnewsmexico.com\/sitio\/wp-json\/wp\/v2\/categories?post=57449"},{"taxonomy":"post_tag","embeddable":true,"href":"https:\/\/globalnewsmexico.com\/sitio\/wp-json\/wp\/v2\/tags?post=57449"}],"curies":[{"name":"wp","href":"https:\/\/api.w.org\/{rel}","templated":true}]}}