{"id":57489,"date":"2020-11-20T10:05:12","date_gmt":"2020-11-20T16:05:12","guid":{"rendered":"http:\/\/globalnewsmexico.com\/sitio\/?p=57489"},"modified":"2020-11-20T10:05:20","modified_gmt":"2020-11-20T16:05:20","slug":"mujeres-se-encadenan-en-zocalo-de-cdmx-piden-ayuda-para-recuperar-a-sus-hijos","status":"publish","type":"post","link":"https:\/\/globalnewsmexico.com\/sitio\/mujeres-se-encadenan-en-zocalo-de-cdmx-piden-ayuda-para-recuperar-a-sus-hijos\/","title":{"rendered":"Mujeres se encadenan en Z\u00f3calo de CDMX; piden ayuda para recuperar a sus hijos"},"content":{"rendered":"\n<p>Dos mujeres se encadenaron a las vallas que rodean\u00a0el Z\u00f3calo de la Ciudad de M\u00e9xico, para protestar y pedir ayuda al Gobierno mexicano para recuperar a sus hijos. De acuerdo con las manifestantes, los menores se encuentran bajo custodia del Estado italiano.<\/p>\n\n\n\n<p>Con una pancarta en la que explican los hechos y fotograf\u00edas, las mujeres solicitaron la intervenci\u00f3n de las autoridades federales para recuperar a sus hijos, que dijeron,\u00a0se encuentran \u201csecuestrados legalmente\u201d\u00a0desde el 2018.<\/p>\n\n\n\n<p>\u201cEst\u00e1n separados de m\u00ed y cruelmente separados entre ellos por el Estado italiano. Hemos sufrido las peores\u00a0crueldades, abusos y violaciones a nuestros derechos, as\u00ed como racismo. Ellos ya no aguantan y yo tampoco, son dos a\u00f1os de lucha contra el Estado italiano y pidiendo apoyo a autoridades mexicanas\u201d, asegur\u00f3 Alma Contreras, madre de uno de los menores.<\/p>\n\n\n\n<figure class=\"wp-block-image\"><img decoding=\"async\" src=\"https:\/\/i1.wp.com\/imagenes.milenio.com\/Nq92IcubYWQL1Yy-WbRDVGH9AAo=\/618x348\/https:\/\/www.milenio.com\/uploads\/media\/2020\/11\/20\/colocaron-manta-explicar-situacion-hijos_thumb_591_348.jpg?w=800&#038;ssl=1\" alt=\"\" data-recalc-dims=\"1\"\/><\/figure>\n\n\n\n<p>Las manifestantes aseguraron que la Secretar\u00eda de Relaciones Exteriores, la Embajada de M\u00e9xico y Protecci\u00f3n de Mexicanos en el Exterior les informaron que, bajo sus t\u00e9rminos,\u00a0no pueden hacer nada para recuperar a los ni\u00f1os\u00a0Massimo y Jocelyn, quienes est\u00e1n bajo la custodia de su padre.<\/p>\n\n\n\n<p>Adem\u00e1s, las mujeres solicitan apoyo econ\u00f3mico para continuar con la lucha para recuperar a sus hijos. Aseguraron que\u00a0no se retirar\u00e1n del lugar hasta ser atendidas\u00a0por el presidente Andr\u00e9s Manuel L\u00f3pez Obrador o el canciller, Marcelo Ebrard.<\/p>\n\n\n\n<p>Fuente: Milenio<\/p>\n","protected":false},"excerpt":{"rendered":"<p>Dos mujeres se encadenaron a las vallas que rodean\u00a0el Z\u00f3calo de la Ciudad de M\u00e9xico, para protestar y pedir ayuda al Gobierno mexicano para recuperar a sus hijos. De acuerdo con las manifestantes, los menores se encuentran bajo custodia del Estado italiano. Con una pancarta en la que explican los hechos y fotograf\u00edas, las mujeres<a class=\"read-more\" href=\"https:\/\/globalnewsmexico.com\/sitio\/mujeres-se-encadenan-en-zocalo-de-cdmx-piden-ayuda-para-recuperar-a-sus-hijos\/\">Leer m\u00e1s<\/a><\/p>\n","protected":false},"author":5,"featured_media":57490,"comment_status":"closed","ping_status":"open","sticky":false,"template":"","format":"standard","meta":{"spay_email":"","footnotes":""},"categories":[37,8,49,52],"tags":[],"jetpack_featured_media_url":"https:\/\/i2.wp.com\/globalnewsmexico.com\/sitio\/wp-content\/uploads\/2020\/11\/manifestantes-aseguraron-iran-atendidas-autoridades_0_0_1200_747.jpg?fit=958%2C596&ssl=1","jetpack_sharing_enabled":true,"jetpack_shortlink":"https:\/\/wp.me\/p9yqPL-eXf","jetpack_likes_enabled":true,"_links":{"self":[{"href":"https:\/\/globalnewsmexico.com\/sitio\/wp-json\/wp\/v2\/posts\/57489"}],"collection":[{"href":"https:\/\/globalnewsmexico.com\/sitio\/wp-json\/wp\/v2\/posts"}],"about":[{"href":"https:\/\/globalnewsmexico.com\/sitio\/wp-json\/wp\/v2\/types\/post"}],"author":[{"embeddable":true,"href":"https:\/\/globalnewsmexico.com\/sitio\/wp-json\/wp\/v2\/users\/5"}],"replies":[{"embeddable":true,"href":"https:\/\/globalnewsmexico.com\/sitio\/wp-json\/wp\/v2\/comments?post=57489"}],"version-history":[{"count":0,"href":"https:\/\/globalnewsmexico.com\/sitio\/wp-json\/wp\/v2\/posts\/57489\/revisions"}],"wp:featuredmedia":[{"embeddable":true,"href":"https:\/\/globalnewsmexico.com\/sitio\/wp-json\/wp\/v2\/media\/57490"}],"wp:attachment":[{"href":"https:\/\/globalnewsmexico.com\/sitio\/wp-json\/wp\/v2\/media?parent=57489"}],"wp:term":[{"taxonomy":"category","embeddable":true,"href":"https:\/\/globalnewsmexico.com\/sitio\/wp-json\/wp\/v2\/categories?post=57489"},{"taxonomy":"post_tag","embeddable":true,"href":"https:\/\/globalnewsmexico.com\/sitio\/wp-json\/wp\/v2\/tags?post=57489"}],"curies":[{"name":"wp","href":"https:\/\/api.w.org\/{rel}","templated":true}]}}