{"id":57497,"date":"2020-11-20T12:08:40","date_gmt":"2020-11-20T18:08:40","guid":{"rendered":"http:\/\/globalnewsmexico.com\/sitio\/?p=57497"},"modified":"2020-11-20T12:08:43","modified_gmt":"2020-11-20T18:08:43","slug":"presidente-honduras-pide-ayuda-mundial-para-enfrentar-calamidad-por-ciclones","status":"publish","type":"post","link":"https:\/\/globalnewsmexico.com\/sitio\/presidente-honduras-pide-ayuda-mundial-para-enfrentar-calamidad-por-ciclones\/","title":{"rendered":"Presidente Honduras pide ayuda mundial para enfrentar \u00abcalamidad\u00bb por ciclones"},"content":{"rendered":"\n<p>El presidente de Honduras, Juan Orlando Hern\u00e1ndez, clam\u00f3 por ayuda mundial para reconstruir su pa\u00eds, que asegur\u00f3 pasa por una \u00abgran calamidad\u00bb por la devastaci\u00f3n que dejaron a su paso por Centroam\u00e9rica los potentes huracanes &#8216;Eta&#8217; e &#8216;Iota&#8217;.<\/p>\n\n\n\n<p>Honduras, como otras naciones de la regi\u00f3n, sufri\u00f3 el embate de ambas tormentas este mes con apenas una diferencia de dos semanas, provocando inundaciones, deslaves, severos da\u00f1os a infraestructura y viviendas, da\u00f1os en cultivos, al menos 91 muertos y decenas de miles de damnificados en el pa\u00eds.<\/p>\n\n\n\n<p>\u00abEstamos en una situaci\u00f3n de gran calamidad y necesitamos que el mundo nos ayude\u00bb, dijo el mandatario en una reuni\u00f3n con corresponsales de medios internacionales.<\/p>\n\n\n\n<p>Hern\u00e1ndez dijo que la Comisi\u00f3n Econ\u00f3mica para Am\u00e9rica Latina y el Caribe (CEPAL) realiza a pedido de Honduras una evaluaci\u00f3n de los da\u00f1os causados por ambas tormentas, que entraron a Centroam\u00e9rica a trav\u00e9s de Nicaragua como peligrosos huracanes categor\u00eda 4.<\/p>\n\n\n\n<p>Los estragos de los ciclones se suman a la ya fr\u00e1gil situaci\u00f3n de Honduras debido al impacto de la pandemia de coronavirus, que provocar\u00e1 una ca\u00edda del 7.0 por ciento en la econom\u00eda este a\u00f1o, seg\u00fan el Fondo Monetario Internacional (FMI).<\/p>\n\n\n\n<p>Fuente: Agencias<\/p>\n","protected":false},"excerpt":{"rendered":"<p>El presidente de Honduras, Juan Orlando Hern\u00e1ndez, clam\u00f3 por ayuda mundial para reconstruir su pa\u00eds, que asegur\u00f3 pasa por una \u00abgran calamidad\u00bb por la devastaci\u00f3n que dejaron a su paso por Centroam\u00e9rica los potentes huracanes &#8216;Eta&#8217; e &#8216;Iota&#8217;. Honduras, como otras naciones de la regi\u00f3n, sufri\u00f3 el embate de ambas tormentas este mes con apenas<a class=\"read-more\" href=\"https:\/\/globalnewsmexico.com\/sitio\/presidente-honduras-pide-ayuda-mundial-para-enfrentar-calamidad-por-ciclones\/\">Leer m\u00e1s<\/a><\/p>\n","protected":false},"author":5,"featured_media":57498,"comment_status":"closed","ping_status":"open","sticky":false,"template":"","format":"standard","meta":{"spay_email":"","footnotes":""},"categories":[37,8,48,52],"tags":[],"jetpack_featured_media_url":"https:\/\/i0.wp.com\/globalnewsmexico.com\/sitio\/wp-content\/uploads\/2020\/11\/Honduras-calamidad-juan-orlando-hernandez-2011.jpg?fit=1024%2C640&ssl=1","jetpack_sharing_enabled":true,"jetpack_shortlink":"https:\/\/wp.me\/p9yqPL-eXn","jetpack_likes_enabled":true,"_links":{"self":[{"href":"https:\/\/globalnewsmexico.com\/sitio\/wp-json\/wp\/v2\/posts\/57497"}],"collection":[{"href":"https:\/\/globalnewsmexico.com\/sitio\/wp-json\/wp\/v2\/posts"}],"about":[{"href":"https:\/\/globalnewsmexico.com\/sitio\/wp-json\/wp\/v2\/types\/post"}],"author":[{"embeddable":true,"href":"https:\/\/globalnewsmexico.com\/sitio\/wp-json\/wp\/v2\/users\/5"}],"replies":[{"embeddable":true,"href":"https:\/\/globalnewsmexico.com\/sitio\/wp-json\/wp\/v2\/comments?post=57497"}],"version-history":[{"count":0,"href":"https:\/\/globalnewsmexico.com\/sitio\/wp-json\/wp\/v2\/posts\/57497\/revisions"}],"wp:featuredmedia":[{"embeddable":true,"href":"https:\/\/globalnewsmexico.com\/sitio\/wp-json\/wp\/v2\/media\/57498"}],"wp:attachment":[{"href":"https:\/\/globalnewsmexico.com\/sitio\/wp-json\/wp\/v2\/media?parent=57497"}],"wp:term":[{"taxonomy":"category","embeddable":true,"href":"https:\/\/globalnewsmexico.com\/sitio\/wp-json\/wp\/v2\/categories?post=57497"},{"taxonomy":"post_tag","embeddable":true,"href":"https:\/\/globalnewsmexico.com\/sitio\/wp-json\/wp\/v2\/tags?post=57497"}],"curies":[{"name":"wp","href":"https:\/\/api.w.org\/{rel}","templated":true}]}}