{"id":57511,"date":"2020-11-20T14:43:43","date_gmt":"2020-11-20T20:43:43","guid":{"rendered":"http:\/\/globalnewsmexico.com\/sitio\/?p=57511"},"modified":"2020-11-20T14:43:55","modified_gmt":"2020-11-20T20:43:55","slug":"encabeza-cuitlahuac-garcia-conmemoracion-por-aniversario-de-la-revolucion-mexicana","status":"publish","type":"post","link":"https:\/\/globalnewsmexico.com\/sitio\/encabeza-cuitlahuac-garcia-conmemoracion-por-aniversario-de-la-revolucion-mexicana\/","title":{"rendered":"Encabeza Cuitl\u00e1huac Garc\u00eda conmemoraci\u00f3n por aniversario de la Revoluci\u00f3n Mexicana"},"content":{"rendered":"\n<p>El gobernador de Veracruz, Cuitl\u00e1huac Garc\u00eda Jim\u00e9nez, encabez\u00f3 la ceremonia de conmemoraci\u00f3n por el 110 Aniversario de la Revoluci\u00f3n Mexicana.<\/p>\n\n\n\n<p>Garc\u00eda Jim\u00e9nez estuvo acompa\u00f1ado de la fiscal general del Estado, Ver\u00f3nica Hern\u00e1ndez Giandans; Adriana Paola Linares Capitanachi, presidenta del Congreso local; la magistrada Isabel In\u00e9s Romero Cruz, presidenta del Tribunal Superior de Justicia del Estado.<\/p>\n\n\n\n<p>Tambi\u00e9n estuvo presente el alcalde de Xalapa, Hip\u00f3lito Rodr\u00edguez Herrero; as\u00ed como el comandante de la 26 Zona Militar, general de Brigada Diplomado de Estado Mayor, Federico Eduardo Sol\u00f3rzano Barrag\u00e1n; en representaci\u00f3n de la Primera Regi\u00f3n Naval, Francisco S\u00e1nchez Gonz\u00e1lez, as\u00ed como integrantes de la Coordinaci\u00f3n Estatal para la Constucci\u00f3n de la Paz.<\/p>\n\n\n\n<p>Fuente: Xeu Noticias<\/p>\n","protected":false},"excerpt":{"rendered":"<p>El gobernador de Veracruz, Cuitl\u00e1huac Garc\u00eda Jim\u00e9nez, encabez\u00f3 la ceremonia de conmemoraci\u00f3n por el 110 Aniversario de la Revoluci\u00f3n Mexicana. Garc\u00eda Jim\u00e9nez estuvo acompa\u00f1ado de la fiscal general del Estado, Ver\u00f3nica Hern\u00e1ndez Giandans; Adriana Paola Linares Capitanachi, presidenta del Congreso local; la magistrada Isabel In\u00e9s Romero Cruz, presidenta del Tribunal Superior de Justicia del Estado.<a class=\"read-more\" href=\"https:\/\/globalnewsmexico.com\/sitio\/encabeza-cuitlahuac-garcia-conmemoracion-por-aniversario-de-la-revolucion-mexicana\/\">Leer m\u00e1s<\/a><\/p>\n","protected":false},"author":5,"featured_media":57512,"comment_status":"closed","ping_status":"open","sticky":false,"template":"","format":"standard","meta":{"spay_email":"","footnotes":""},"categories":[37,8,50,52],"tags":[],"jetpack_featured_media_url":"https:\/\/i0.wp.com\/globalnewsmexico.com\/sitio\/wp-content\/uploads\/2020\/11\/1131492.jpg?fit=1024%2C683&ssl=1","jetpack_sharing_enabled":true,"jetpack_shortlink":"https:\/\/wp.me\/p9yqPL-eXB","jetpack_likes_enabled":true,"_links":{"self":[{"href":"https:\/\/globalnewsmexico.com\/sitio\/wp-json\/wp\/v2\/posts\/57511"}],"collection":[{"href":"https:\/\/globalnewsmexico.com\/sitio\/wp-json\/wp\/v2\/posts"}],"about":[{"href":"https:\/\/globalnewsmexico.com\/sitio\/wp-json\/wp\/v2\/types\/post"}],"author":[{"embeddable":true,"href":"https:\/\/globalnewsmexico.com\/sitio\/wp-json\/wp\/v2\/users\/5"}],"replies":[{"embeddable":true,"href":"https:\/\/globalnewsmexico.com\/sitio\/wp-json\/wp\/v2\/comments?post=57511"}],"version-history":[{"count":0,"href":"https:\/\/globalnewsmexico.com\/sitio\/wp-json\/wp\/v2\/posts\/57511\/revisions"}],"wp:featuredmedia":[{"embeddable":true,"href":"https:\/\/globalnewsmexico.com\/sitio\/wp-json\/wp\/v2\/media\/57512"}],"wp:attachment":[{"href":"https:\/\/globalnewsmexico.com\/sitio\/wp-json\/wp\/v2\/media?parent=57511"}],"wp:term":[{"taxonomy":"category","embeddable":true,"href":"https:\/\/globalnewsmexico.com\/sitio\/wp-json\/wp\/v2\/categories?post=57511"},{"taxonomy":"post_tag","embeddable":true,"href":"https:\/\/globalnewsmexico.com\/sitio\/wp-json\/wp\/v2\/tags?post=57511"}],"curies":[{"name":"wp","href":"https:\/\/api.w.org\/{rel}","templated":true}]}}