{"id":57518,"date":"2020-11-20T16:24:31","date_gmt":"2020-11-20T22:24:31","guid":{"rendered":"http:\/\/globalnewsmexico.com\/sitio\/?p=57518"},"modified":"2020-11-20T16:24:59","modified_gmt":"2020-11-20T22:24:59","slug":"activan-plan-marina-en-coatzacoalcos","status":"publish","type":"post","link":"https:\/\/globalnewsmexico.com\/sitio\/activan-plan-marina-en-coatzacoalcos\/","title":{"rendered":"Activan &#8216;Plan Marina&#8217; en Coatzacoalcos"},"content":{"rendered":"\n<p>El presidente municipal, V\u00edctor Manuel Carranza Rosaldo, se\u00f1al\u00f3 que se estar\u00e1n coordinando con la Tercera Zona Naval Militar para la aplicaci\u00f3n del &#8216;Plan Marina&#8217; en Coatzacoalcos, mismo que ya fue activado en los municipios vecinos de Cosoleacaque, Minatitl\u00e1n y Agua Dulce.<\/p>\n\n\n\n<p>El &#8216;Plan Marina&#8217; se puso en marcha a consecuencia de las torrenciales lluvias que han azotado al sur del estado en los \u00faltimos d\u00edas, y que ya han provocado la existencia de damnificados en las colonias que est\u00e1n asentadas en las inmediaciones de los r\u00edos, lagunas y arroyos.<\/p>\n\n\n\n<p>\u201cHemos estado dialogando con el comandante de la III Zona Naval Militar, sobre el entendido de que cualquier detalle que ocurra nos coordinaremos con Protecci\u00f3n Civil y con ellos, para contar con su experiencia y gran apoyo en las zonas afectadas\u201d, expres\u00f3 el alcalde al t\u00e9rmino de la ceremonia de condecoraci\u00f3n a elementos de la Secretar\u00eda de Marina Armada de M\u00e9xico.<\/p>\n\n\n\n<p>Adem\u00e1s, precis\u00f3 que ya se giraron instrucciones a las diversas \u00e1reas que conforman el Ayuntamiento, para disponer de todo el personal posible y de los recursos necesarios para llevar ayuda humanitaria y participar en las labores de rescate en donde se requiera.<\/p>\n\n\n\n<p>Exhort\u00f3 a quienes viven en las partes bajas, a que si perciben el peligro mejor se trasladen al albergue que ya se habilit\u00f3 en la colonia Nueva Obrera y pidan ayuda al 911.<\/p>\n","protected":false},"excerpt":{"rendered":"<p>El presidente municipal, V\u00edctor Manuel Carranza Rosaldo, se\u00f1al\u00f3 que se estar\u00e1n coordinando con la Tercera Zona Naval Militar para la aplicaci\u00f3n del &#8216;Plan Marina&#8217; en Coatzacoalcos, mismo que ya fue activado en los municipios vecinos de Cosoleacaque, Minatitl\u00e1n y Agua Dulce. El &#8216;Plan Marina&#8217; se puso en marcha a consecuencia de las torrenciales lluvias que<a class=\"read-more\" href=\"https:\/\/globalnewsmexico.com\/sitio\/activan-plan-marina-en-coatzacoalcos\/\">Leer m\u00e1s<\/a><\/p>\n","protected":false},"author":5,"featured_media":57526,"comment_status":"closed","ping_status":"open","sticky":false,"template":"","format":"standard","meta":{"spay_email":"","footnotes":""},"categories":[37,8,50,52],"tags":[],"jetpack_featured_media_url":"https:\/\/i2.wp.com\/globalnewsmexico.com\/sitio\/wp-content\/uploads\/2020\/11\/1acdbe06-975c-4942-89c4-81271295f056.jpg?fit=960%2C540&ssl=1","jetpack_sharing_enabled":true,"jetpack_shortlink":"https:\/\/wp.me\/p9yqPL-eXI","jetpack_likes_enabled":true,"_links":{"self":[{"href":"https:\/\/globalnewsmexico.com\/sitio\/wp-json\/wp\/v2\/posts\/57518"}],"collection":[{"href":"https:\/\/globalnewsmexico.com\/sitio\/wp-json\/wp\/v2\/posts"}],"about":[{"href":"https:\/\/globalnewsmexico.com\/sitio\/wp-json\/wp\/v2\/types\/post"}],"author":[{"embeddable":true,"href":"https:\/\/globalnewsmexico.com\/sitio\/wp-json\/wp\/v2\/users\/5"}],"replies":[{"embeddable":true,"href":"https:\/\/globalnewsmexico.com\/sitio\/wp-json\/wp\/v2\/comments?post=57518"}],"version-history":[{"count":0,"href":"https:\/\/globalnewsmexico.com\/sitio\/wp-json\/wp\/v2\/posts\/57518\/revisions"}],"wp:featuredmedia":[{"embeddable":true,"href":"https:\/\/globalnewsmexico.com\/sitio\/wp-json\/wp\/v2\/media\/57526"}],"wp:attachment":[{"href":"https:\/\/globalnewsmexico.com\/sitio\/wp-json\/wp\/v2\/media?parent=57518"}],"wp:term":[{"taxonomy":"category","embeddable":true,"href":"https:\/\/globalnewsmexico.com\/sitio\/wp-json\/wp\/v2\/categories?post=57518"},{"taxonomy":"post_tag","embeddable":true,"href":"https:\/\/globalnewsmexico.com\/sitio\/wp-json\/wp\/v2\/tags?post=57518"}],"curies":[{"name":"wp","href":"https:\/\/api.w.org\/{rel}","templated":true}]}}