{"id":57582,"date":"2020-11-21T16:07:33","date_gmt":"2020-11-21T22:07:33","guid":{"rendered":"http:\/\/globalnewsmexico.com\/sitio\/?p=57582"},"modified":"2020-11-21T16:07:42","modified_gmt":"2020-11-21T22:07:42","slug":"convoca-frenaaa-a-paro-economico-nacional-pide-no-pagar-impuestos","status":"publish","type":"post","link":"https:\/\/globalnewsmexico.com\/sitio\/convoca-frenaaa-a-paro-economico-nacional-pide-no-pagar-impuestos\/","title":{"rendered":"Convoca Frenaaa a \u201cparo econ\u00f3mico nacional\u201d; pide no pagar impuestos"},"content":{"rendered":"\n<p>El l\u00edder del Frente Nacional Anti-AMLO (Frenaaa), Gilberto Lozano, convoc\u00f3 a los ciudadanos a realizar un \u201cparo econ\u00f3mico nacional\u201d para que no paguen impuestos, y as\u00ed el Gobierno federal no recaude dinero.<\/p>\n\n\n\n<p>En un mitin en el \u00c1ngel de la Independencia, luego de marchar desde el Monumento a la Revoluci\u00f3n, Gilberto Lozano dijo que el paro econ\u00f3mico deber\u00eda durar entre 15 y 20 d\u00edas.<\/p>\n\n\n\n<p>\u00abDeclaramos el inicio de un&nbsp;boicot del pago de impuestos, declaramos en este momento que vamos a ahorcar al marrano porque no le vamos a dar un centavo\u00bb, apunt\u00f3.<\/p>\n\n\n\n<p>Recomend\u00f3 tambi\u00e9n a los representantes de Frenaaa comunicar la decisi\u00f3n del paro econ\u00f3mico a las c\u00e1maras empresariales de los estados.<\/p>\n\n\n\n<p>\u00abNos va a costar trabajo, pero tenemos que ir a lo contundente, los gobiernos se mueren porque no les llega dinero, eso tenemos que hacer, no dinero al Gobierno\u00bb, resalt\u00f3.<\/p>\n\n\n\n<p>Fuente: El Universal<\/p>\n","protected":false},"excerpt":{"rendered":"<p>El l\u00edder del Frente Nacional Anti-AMLO (Frenaaa), Gilberto Lozano, convoc\u00f3 a los ciudadanos a realizar un \u201cparo econ\u00f3mico nacional\u201d para que no paguen impuestos, y as\u00ed el Gobierno federal no recaude dinero. En un mitin en el \u00c1ngel de la Independencia, luego de marchar desde el Monumento a la Revoluci\u00f3n, Gilberto Lozano dijo que el<a class=\"read-more\" href=\"https:\/\/globalnewsmexico.com\/sitio\/convoca-frenaaa-a-paro-economico-nacional-pide-no-pagar-impuestos\/\">Leer m\u00e1s<\/a><\/p>\n","protected":false},"author":5,"featured_media":57583,"comment_status":"closed","ping_status":"open","sticky":false,"template":"","format":"standard","meta":{"spay_email":"","footnotes":""},"categories":[37,8,40,52],"tags":[],"jetpack_featured_media_url":"https:\/\/i1.wp.com\/globalnewsmexico.com\/sitio\/wp-content\/uploads\/2020\/11\/malo-focus-0-0.11-983-557.jpg?fit=1024%2C580&ssl=1","jetpack_sharing_enabled":true,"jetpack_shortlink":"https:\/\/wp.me\/p9yqPL-eYK","jetpack_likes_enabled":true,"_links":{"self":[{"href":"https:\/\/globalnewsmexico.com\/sitio\/wp-json\/wp\/v2\/posts\/57582"}],"collection":[{"href":"https:\/\/globalnewsmexico.com\/sitio\/wp-json\/wp\/v2\/posts"}],"about":[{"href":"https:\/\/globalnewsmexico.com\/sitio\/wp-json\/wp\/v2\/types\/post"}],"author":[{"embeddable":true,"href":"https:\/\/globalnewsmexico.com\/sitio\/wp-json\/wp\/v2\/users\/5"}],"replies":[{"embeddable":true,"href":"https:\/\/globalnewsmexico.com\/sitio\/wp-json\/wp\/v2\/comments?post=57582"}],"version-history":[{"count":0,"href":"https:\/\/globalnewsmexico.com\/sitio\/wp-json\/wp\/v2\/posts\/57582\/revisions"}],"wp:featuredmedia":[{"embeddable":true,"href":"https:\/\/globalnewsmexico.com\/sitio\/wp-json\/wp\/v2\/media\/57583"}],"wp:attachment":[{"href":"https:\/\/globalnewsmexico.com\/sitio\/wp-json\/wp\/v2\/media?parent=57582"}],"wp:term":[{"taxonomy":"category","embeddable":true,"href":"https:\/\/globalnewsmexico.com\/sitio\/wp-json\/wp\/v2\/categories?post=57582"},{"taxonomy":"post_tag","embeddable":true,"href":"https:\/\/globalnewsmexico.com\/sitio\/wp-json\/wp\/v2\/tags?post=57582"}],"curies":[{"name":"wp","href":"https:\/\/api.w.org\/{rel}","templated":true}]}}