{"id":57585,"date":"2020-11-21T16:57:33","date_gmt":"2020-11-21T22:57:33","guid":{"rendered":"http:\/\/globalnewsmexico.com\/sitio\/?p=57585"},"modified":"2020-11-21T17:01:22","modified_gmt":"2020-11-21T23:01:22","slug":"manifestantes-toman-congreso-de-guatemala-y-le-prenden-fuego","status":"publish","type":"post","link":"https:\/\/globalnewsmexico.com\/sitio\/manifestantes-toman-congreso-de-guatemala-y-le-prenden-fuego\/","title":{"rendered":"Manifestantes toman Congreso de Guatemala y le prenden fuego"},"content":{"rendered":"\n<p>Este s\u00e1bado, cientos de manifestantes tomaron el Congreso de Guatemala y prendieron fuego en su interior. El ataque se registra en una jornada de protestas masivas contra las cuentas p\u00fablicas que el Ejecutivo, que preside Alejandro Giammattei, aprob\u00f3 el pasado mi\u00e9rcoles para 2021.<\/p>\n\n\n\n<p>Los manifestantes fueron desalojados por las fuerzas de seguridad con el uso de gas lacrim\u00f3geno, mientras que bomberos apagaron el fuego.<\/p>\n\n\n\n<p>Los inconformes, en su mayor\u00eda encapuchados, rompieron la puerta de ingreso al Parlamento y tambi\u00e9n las ventanas, lanzando antorchas de fuego al interior y avanzando para destruir las instalaciones.<\/p>\n\n\n\n<p>Durante aproximadamente 10 minutos, en medio del caos, los inconformes lograron incendiar una parte del Congreso y tambi\u00e9n destrozar todo lo que encontraran a su alrededor.<\/p>\n\n\n\n<p>Aunque los diputados no se encontraban en el lugar, se desconoce si hay heridos o fallecidos en el interior del Parlamento, ubicado en el centro de la Ciudad de Guatemala.<\/p>\n\n\n\n<p>Tampoco hay un balance oficial de los destrozos que han causado los manifestantes.<\/p>\n\n\n\n<p>La manifestaci\u00f3n fue convocada por artistas, colectivos y docenas de entidades.<\/p>\n\n\n\n<p>Fuente: Agencias<\/p>\n","protected":false},"excerpt":{"rendered":"<p>Este s\u00e1bado, cientos de manifestantes tomaron el Congreso de Guatemala y prendieron fuego en su interior. El ataque se registra en una jornada de protestas masivas contra las cuentas p\u00fablicas que el Ejecutivo, que preside Alejandro Giammattei, aprob\u00f3 el pasado mi\u00e9rcoles para 2021. Los manifestantes fueron desalojados por las fuerzas de seguridad con el uso<a class=\"read-more\" href=\"https:\/\/globalnewsmexico.com\/sitio\/manifestantes-toman-congreso-de-guatemala-y-le-prenden-fuego\/\">Leer m\u00e1s<\/a><\/p>\n","protected":false},"author":5,"featured_media":57586,"comment_status":"closed","ping_status":"open","sticky":false,"template":"","format":"standard","meta":{"spay_email":"","footnotes":""},"categories":[37,8,48,52],"tags":[],"jetpack_featured_media_url":"https:\/\/i0.wp.com\/globalnewsmexico.com\/sitio\/wp-content\/uploads\/2020\/11\/1131653.jpg?fit=1024%2C683&ssl=1","jetpack_sharing_enabled":true,"jetpack_shortlink":"https:\/\/wp.me\/p9yqPL-eYN","jetpack_likes_enabled":true,"_links":{"self":[{"href":"https:\/\/globalnewsmexico.com\/sitio\/wp-json\/wp\/v2\/posts\/57585"}],"collection":[{"href":"https:\/\/globalnewsmexico.com\/sitio\/wp-json\/wp\/v2\/posts"}],"about":[{"href":"https:\/\/globalnewsmexico.com\/sitio\/wp-json\/wp\/v2\/types\/post"}],"author":[{"embeddable":true,"href":"https:\/\/globalnewsmexico.com\/sitio\/wp-json\/wp\/v2\/users\/5"}],"replies":[{"embeddable":true,"href":"https:\/\/globalnewsmexico.com\/sitio\/wp-json\/wp\/v2\/comments?post=57585"}],"version-history":[{"count":0,"href":"https:\/\/globalnewsmexico.com\/sitio\/wp-json\/wp\/v2\/posts\/57585\/revisions"}],"wp:featuredmedia":[{"embeddable":true,"href":"https:\/\/globalnewsmexico.com\/sitio\/wp-json\/wp\/v2\/media\/57586"}],"wp:attachment":[{"href":"https:\/\/globalnewsmexico.com\/sitio\/wp-json\/wp\/v2\/media?parent=57585"}],"wp:term":[{"taxonomy":"category","embeddable":true,"href":"https:\/\/globalnewsmexico.com\/sitio\/wp-json\/wp\/v2\/categories?post=57585"},{"taxonomy":"post_tag","embeddable":true,"href":"https:\/\/globalnewsmexico.com\/sitio\/wp-json\/wp\/v2\/tags?post=57585"}],"curies":[{"name":"wp","href":"https:\/\/api.w.org\/{rel}","templated":true}]}}