{"id":57619,"date":"2020-11-23T13:14:30","date_gmt":"2020-11-23T19:14:30","guid":{"rendered":"http:\/\/globalnewsmexico.com\/sitio\/?p=57619"},"modified":"2020-11-23T13:14:35","modified_gmt":"2020-11-23T19:14:35","slug":"invita-cris-a-jornada-de-neurodesarrollo-infantil","status":"publish","type":"post","link":"https:\/\/globalnewsmexico.com\/sitio\/invita-cris-a-jornada-de-neurodesarrollo-infantil\/","title":{"rendered":"Invita CRIS a Jornada de Neurodesarrollo Infantil"},"content":{"rendered":"\n<p>El Centro de Rehabilitaci\u00f3n e Inclusi\u00f3n Social (CRIS) de Coatzacoalcos, en coordinaci\u00f3n con diferentes dependencias particulares de apoyo a la discapacidad, invitan a participar en la primera Jornada de Neurodesarrollo Infantil en l\u00ednea, que se llevar\u00e1 a cabo el pr\u00f3ximo 3 de diciembre a partir de las 08:45 horas.<\/p>\n\n\n\n<p>Rodolfo Corpi Fern\u00e1ndez, titular del CRIS, indic\u00f3 que estas pl\u00e1ticas representan una gran oportunidad para que, en este periodo de confinamiento debido a la contingencia sanitaria, los padres de familia y p\u00fablico en general se instruyan gratuitamente en estrategias para favorecer el desarrollo de sus hijos con y sin discapacidad.<\/p>\n\n\n\n<p>Dentro de los temas que se abordar\u00e1n, se encuentran: la integraci\u00f3n sensorial para mejorar habilidades cognitivas, habilidades comunicativas como base del desarrollo social, manejo de conductas disruptivas y estrategias de apoyo correcto para el aprendizaje en casa.<\/p>\n\n\n\n<p>Los interesados deber\u00e1n comunicarse al n\u00famero 921 161 8648 hasta el martes primero de diciembre, para poder recibir la clave de acceso a la plataforma digital y con ella asegurar su lugar en la jornada.<\/p>\n","protected":false},"excerpt":{"rendered":"<p>El Centro de Rehabilitaci\u00f3n e Inclusi\u00f3n Social (CRIS) de Coatzacoalcos, en coordinaci\u00f3n con diferentes dependencias particulares de apoyo a la discapacidad, invitan a participar en la primera Jornada de Neurodesarrollo Infantil en l\u00ednea, que se llevar\u00e1 a cabo el pr\u00f3ximo 3 de diciembre a partir de las 08:45 horas. Rodolfo Corpi Fern\u00e1ndez, titular del CRIS,<a class=\"read-more\" href=\"https:\/\/globalnewsmexico.com\/sitio\/invita-cris-a-jornada-de-neurodesarrollo-infantil\/\">Leer m\u00e1s<\/a><\/p>\n","protected":false},"author":5,"featured_media":57620,"comment_status":"closed","ping_status":"open","sticky":false,"template":"","format":"standard","meta":{"spay_email":"","footnotes":""},"categories":[37,8,50,52],"tags":[],"jetpack_featured_media_url":"https:\/\/i1.wp.com\/globalnewsmexico.com\/sitio\/wp-content\/uploads\/2020\/11\/e641b287-b678-4c6d-94ad-a1d347705cdc.jpg?fit=1024%2C682&ssl=1","jetpack_sharing_enabled":true,"jetpack_shortlink":"https:\/\/wp.me\/p9yqPL-eZl","jetpack_likes_enabled":true,"_links":{"self":[{"href":"https:\/\/globalnewsmexico.com\/sitio\/wp-json\/wp\/v2\/posts\/57619"}],"collection":[{"href":"https:\/\/globalnewsmexico.com\/sitio\/wp-json\/wp\/v2\/posts"}],"about":[{"href":"https:\/\/globalnewsmexico.com\/sitio\/wp-json\/wp\/v2\/types\/post"}],"author":[{"embeddable":true,"href":"https:\/\/globalnewsmexico.com\/sitio\/wp-json\/wp\/v2\/users\/5"}],"replies":[{"embeddable":true,"href":"https:\/\/globalnewsmexico.com\/sitio\/wp-json\/wp\/v2\/comments?post=57619"}],"version-history":[{"count":0,"href":"https:\/\/globalnewsmexico.com\/sitio\/wp-json\/wp\/v2\/posts\/57619\/revisions"}],"wp:featuredmedia":[{"embeddable":true,"href":"https:\/\/globalnewsmexico.com\/sitio\/wp-json\/wp\/v2\/media\/57620"}],"wp:attachment":[{"href":"https:\/\/globalnewsmexico.com\/sitio\/wp-json\/wp\/v2\/media?parent=57619"}],"wp:term":[{"taxonomy":"category","embeddable":true,"href":"https:\/\/globalnewsmexico.com\/sitio\/wp-json\/wp\/v2\/categories?post=57619"},{"taxonomy":"post_tag","embeddable":true,"href":"https:\/\/globalnewsmexico.com\/sitio\/wp-json\/wp\/v2\/tags?post=57619"}],"curies":[{"name":"wp","href":"https:\/\/api.w.org\/{rel}","templated":true}]}}