{"id":57778,"date":"2020-11-25T16:43:28","date_gmt":"2020-11-25T22:43:28","guid":{"rendered":"http:\/\/globalnewsmexico.com\/sitio\/?p=57778"},"modified":"2020-11-25T16:43:39","modified_gmt":"2020-11-25T22:43:39","slug":"por-maradona-le-encontre-la-gracia-al-futbol-amlo","status":"publish","type":"post","link":"https:\/\/globalnewsmexico.com\/sitio\/por-maradona-le-encontre-la-gracia-al-futbol-amlo\/","title":{"rendered":"Por Maradona le encontr\u00e9 la gracia al f\u00fatbol: AMLO"},"content":{"rendered":"\n<p>El presidente Andr\u00e9s Manuel L\u00f3pez Obrador afirm\u00f3 que fue por Diego Armando Maradona, que le encontr\u00f3 la gracia al f\u00fatbol.<\/p>\n\n\n\n<p>Tras la muerte del astro argentino, el presidente dijo que fue en M\u00e9xico en donde Maradona \u00abvivi\u00f3 su momento estelar como futbolista\u00bb.<\/p>\n\n\n\n<p>\u00abEn M\u00e9xico, Maradona vivi\u00f3 su momento estelar como futbolista. En lo personal, por \u00e9l encontr\u00e9 la gracia a ese deporte. Pero mi admiraci\u00f3n mayor siempre fue su congruencia. Nunca renunci\u00f3 a sus ideales aunque pagara el costo de ser &#8216;pol\u00edticamente incorrecto\u00bb, escribi\u00f3 en Twitter.<\/p>\n\n\n\n<figure class=\"wp-block-embed-twitter aligncenter wp-block-embed is-type-rich is-provider-twitter\"><div class=\"wp-block-embed__wrapper\">\n<blockquote class=\"twitter-tweet\" data-width=\"550\" data-dnt=\"true\"><p lang=\"es\" dir=\"ltr\">En M\u00e9xico, Maradona vivi\u00f3 su momento estelar como futbolista. En lo personal, por \u00e9l encontr\u00e9 la gracia a ese deporte. Pero mi admiraci\u00f3n mayor siempre fue su congruencia. Nunca renunci\u00f3 a sus ideales aunque pagara el costo de ser &#39;pol\u00edticamente incorrecto&#39;. <a href=\"https:\/\/t.co\/5HZcHvm0C0\">pic.twitter.com\/5HZcHvm0C0<\/a><\/p>&mdash; Andr\u00e9s Manuel (@lopezobrador_) <a href=\"https:\/\/twitter.com\/lopezobrador_\/status\/1331722834188517376?ref_src=twsrc%5Etfw\">November 25, 2020<\/a><\/blockquote><script async src=\"https:\/\/platform.twitter.com\/widgets.js\" charset=\"utf-8\"><\/script>\n<\/div><\/figure>\n\n\n\n<p>Fuente: Xeu Noticias<\/p>\n","protected":false},"excerpt":{"rendered":"<p>El presidente Andr\u00e9s Manuel L\u00f3pez Obrador afirm\u00f3 que fue por Diego Armando Maradona, que le encontr\u00f3 la gracia al f\u00fatbol. Tras la muerte del astro argentino, el presidente dijo que fue en M\u00e9xico en donde Maradona \u00abvivi\u00f3 su momento estelar como futbolista\u00bb. \u00abEn M\u00e9xico, Maradona vivi\u00f3 su momento estelar como futbolista. En lo personal, por<a class=\"read-more\" href=\"https:\/\/globalnewsmexico.com\/sitio\/por-maradona-le-encontre-la-gracia-al-futbol-amlo\/\">Leer m\u00e1s<\/a><\/p>\n","protected":false},"author":5,"featured_media":57779,"comment_status":"closed","ping_status":"open","sticky":false,"template":"","format":"standard","meta":{"spay_email":"","footnotes":""},"categories":[37,8,40,52],"tags":[],"jetpack_featured_media_url":"https:\/\/i0.wp.com\/globalnewsmexico.com\/sitio\/wp-content\/uploads\/2020\/11\/1132246.jpg?fit=1024%2C683&ssl=1","jetpack_sharing_enabled":true,"jetpack_shortlink":"https:\/\/wp.me\/p9yqPL-f1U","jetpack_likes_enabled":true,"_links":{"self":[{"href":"https:\/\/globalnewsmexico.com\/sitio\/wp-json\/wp\/v2\/posts\/57778"}],"collection":[{"href":"https:\/\/globalnewsmexico.com\/sitio\/wp-json\/wp\/v2\/posts"}],"about":[{"href":"https:\/\/globalnewsmexico.com\/sitio\/wp-json\/wp\/v2\/types\/post"}],"author":[{"embeddable":true,"href":"https:\/\/globalnewsmexico.com\/sitio\/wp-json\/wp\/v2\/users\/5"}],"replies":[{"embeddable":true,"href":"https:\/\/globalnewsmexico.com\/sitio\/wp-json\/wp\/v2\/comments?post=57778"}],"version-history":[{"count":0,"href":"https:\/\/globalnewsmexico.com\/sitio\/wp-json\/wp\/v2\/posts\/57778\/revisions"}],"wp:featuredmedia":[{"embeddable":true,"href":"https:\/\/globalnewsmexico.com\/sitio\/wp-json\/wp\/v2\/media\/57779"}],"wp:attachment":[{"href":"https:\/\/globalnewsmexico.com\/sitio\/wp-json\/wp\/v2\/media?parent=57778"}],"wp:term":[{"taxonomy":"category","embeddable":true,"href":"https:\/\/globalnewsmexico.com\/sitio\/wp-json\/wp\/v2\/categories?post=57778"},{"taxonomy":"post_tag","embeddable":true,"href":"https:\/\/globalnewsmexico.com\/sitio\/wp-json\/wp\/v2\/tags?post=57778"}],"curies":[{"name":"wp","href":"https:\/\/api.w.org\/{rel}","templated":true}]}}