{"id":57831,"date":"2020-11-26T15:19:25","date_gmt":"2020-11-26T21:19:25","guid":{"rendered":"http:\/\/globalnewsmexico.com\/sitio\/?p=57831"},"modified":"2020-11-26T15:19:31","modified_gmt":"2020-11-26T21:19:31","slug":"corte-admite-a-tramite-nueva-solicitud-de-consulta-para-juzgar-a-expresidentes","status":"publish","type":"post","link":"https:\/\/globalnewsmexico.com\/sitio\/corte-admite-a-tramite-nueva-solicitud-de-consulta-para-juzgar-a-expresidentes\/","title":{"rendered":"Corte admite a tr\u00e1mite nueva solicitud de consulta para juzgar a expresidentes"},"content":{"rendered":"\n<p>La Suprema Corte de Justicia de la Naci\u00f3n (SCJN) admiti\u00f3 a tr\u00e1mite una nueva solicitud de consulta popular para\u00a0juzgar a expresidentes.\u00a0El asunto fue turnado al ministro Luis Mar\u00eda Aguilar Morales, como consta en listas judiciales publicadas hoy por el m\u00e1ximo Tribunal de Justicia del pa\u00eds.<\/p>\n\n\n\n<p>La nueva solicitud fue presentada por\u00a0Eduardo Ram\u00edrez Aguilar, presidente de la Mesa Directiva del Senado, tras la petici\u00f3n presentada por activistas ligados a Morena, quienes reunieron las firmas para este procedimiento. El legislador tambi\u00e9n envi\u00f3 esta petici\u00f3n al\u00a0Instituto Nacional Electoral, para que revise la autenticidad de las firmas recabadas.<\/p>\n\n\n\n<figure class=\"wp-block-image\"><img decoding=\"async\" src=\"https:\/\/i0.wp.com\/www.milenio.com\/uploads\/media\/2020\/11\/26\/solicitud-para-la-nueva-consulta.jpg?w=800&#038;ssl=1\" alt=\"\" data-recalc-dims=\"1\"\/><\/figure>\n\n\n\n<p>En el escrito se solicita al Alto Tribunal determine lo correspondiente\u00a0sobre su constitucionalidad, en relaci\u00f3n con la posibilidad de que las autoridades competentes, con apego a las leyes y procedimientos aplicables, investiguen, y en su caso sancionen, la presunta comisi\u00f3n de delitos por parte de los expresidentes\u00a0Carlos Salinas de Gortari, Ernesto Zedillo Ponce de Le\u00f3n, Vicente Fox, Felipe Calder\u00f3n\u00a0y\u00a0Enrique Pe\u00f1a\u00a0Nieto, durante y despu\u00e9s de sus respectivas gestiones.<\/p>\n\n\n\n<p>\u201cEsta Suprema Corte de Justicia de la Naci\u00f3n es competente para conocer de la constitucionalidad de la materia de la consulta popular de que se trata, y al haberse presentado oportunamente la petici\u00f3n y no existir motivo legal de improcedencia, se admite a tr\u00e1mite\u201d, detalla el acuerdo.<\/p>\n\n\n\n<p>Tambi\u00e9n menciona que los asuntos nuevos deben turnarse a la ponencia del ministro Luis Mar\u00eda Aguilar, quien conoci\u00f3 de la consulta propuesta por el presidente\u00a0Andr\u00e9s Manuel L\u00f3pez Obrador, \u201ccon el objeto de aprovechar el conocimiento adquirido al resolverlo\u201d.<\/p>\n\n\n\n<p>La Corte discutir\u00e1 el tema antes de iniciar su periodo de vacaciones en diciembre pr\u00f3ximo, revelaron autoridades del Alto Tribunal.<\/p>\n\n\n\n<p>En octubre, la SCJN public\u00f3 la versi\u00f3n final de la sentencia de la consulta popular planteada por el presidente, la cual\u00a0fue aprobada por la mayor\u00eda del Pleno pero con la modificaci\u00f3n de la pregunta original\u00a0que establec\u00eda si deb\u00edan ser investigados y en su caso sancionados los mandatarios de 1988 a 2012.<\/p>\n\n\n\n<p>En este documento final, el m\u00e1ximo tribunal del pa\u00eds explica el alcance que tendr\u00e1 la consulta ciudadana del pr\u00f3ximo a\u00f1o, cuya pregunta determinaron modificar los ministros y en lugar de mencionar a los cinco expresidentes se cambi\u00f3 a \u201cactores pol\u00edticos\u201d.<\/p>\n\n\n\n<p>En la versi\u00f3n final o engrose, elaborado por el ministro Luis Mar\u00eda Aguilar, se asegura que la pregunta definitiva es \u201cneutra\u201d y aclara que los nombres de los ex presidentes se eliminaron porque la consulta popular \u00abno puede estar dirigida a un grupo de personas identificables por nombre y apellido\u00bb.<\/p>\n\n\n\n<p>Fuente: Milenio<\/p>\n","protected":false},"excerpt":{"rendered":"<p>La Suprema Corte de Justicia de la Naci\u00f3n (SCJN) admiti\u00f3 a tr\u00e1mite una nueva solicitud de consulta popular para\u00a0juzgar a expresidentes.\u00a0El asunto fue turnado al ministro Luis Mar\u00eda Aguilar Morales, como consta en listas judiciales publicadas hoy por el m\u00e1ximo Tribunal de Justicia del pa\u00eds. La nueva solicitud fue presentada por\u00a0Eduardo Ram\u00edrez Aguilar, presidente de<a class=\"read-more\" href=\"https:\/\/globalnewsmexico.com\/sitio\/corte-admite-a-tramite-nueva-solicitud-de-consulta-para-juzgar-a-expresidentes\/\">Leer m\u00e1s<\/a><\/p>\n","protected":false},"author":5,"featured_media":57832,"comment_status":"closed","ping_status":"open","sticky":false,"template":"","format":"standard","meta":{"spay_email":"","footnotes":""},"categories":[37,8,39,52],"tags":[],"jetpack_featured_media_url":"https:\/\/i0.wp.com\/globalnewsmexico.com\/sitio\/wp-content\/uploads\/2020\/11\/scjn-anulo-fraccion-articulo-ley.jpg?fit=958%2C596&ssl=1","jetpack_sharing_enabled":true,"jetpack_shortlink":"https:\/\/wp.me\/p9yqPL-f2L","jetpack_likes_enabled":true,"_links":{"self":[{"href":"https:\/\/globalnewsmexico.com\/sitio\/wp-json\/wp\/v2\/posts\/57831"}],"collection":[{"href":"https:\/\/globalnewsmexico.com\/sitio\/wp-json\/wp\/v2\/posts"}],"about":[{"href":"https:\/\/globalnewsmexico.com\/sitio\/wp-json\/wp\/v2\/types\/post"}],"author":[{"embeddable":true,"href":"https:\/\/globalnewsmexico.com\/sitio\/wp-json\/wp\/v2\/users\/5"}],"replies":[{"embeddable":true,"href":"https:\/\/globalnewsmexico.com\/sitio\/wp-json\/wp\/v2\/comments?post=57831"}],"version-history":[{"count":0,"href":"https:\/\/globalnewsmexico.com\/sitio\/wp-json\/wp\/v2\/posts\/57831\/revisions"}],"wp:featuredmedia":[{"embeddable":true,"href":"https:\/\/globalnewsmexico.com\/sitio\/wp-json\/wp\/v2\/media\/57832"}],"wp:attachment":[{"href":"https:\/\/globalnewsmexico.com\/sitio\/wp-json\/wp\/v2\/media?parent=57831"}],"wp:term":[{"taxonomy":"category","embeddable":true,"href":"https:\/\/globalnewsmexico.com\/sitio\/wp-json\/wp\/v2\/categories?post=57831"},{"taxonomy":"post_tag","embeddable":true,"href":"https:\/\/globalnewsmexico.com\/sitio\/wp-json\/wp\/v2\/tags?post=57831"}],"curies":[{"name":"wp","href":"https:\/\/api.w.org\/{rel}","templated":true}]}}