{"id":57835,"date":"2020-11-26T16:09:11","date_gmt":"2020-11-26T22:09:11","guid":{"rendered":"http:\/\/globalnewsmexico.com\/sitio\/?p=57835"},"modified":"2020-11-26T16:09:19","modified_gmt":"2020-11-26T22:09:19","slug":"asi-se-llaman-los-perritos-adoptados-por-la-marina-tras-las-inundaciones-en-tabasco","status":"publish","type":"post","link":"https:\/\/globalnewsmexico.com\/sitio\/asi-se-llaman-los-perritos-adoptados-por-la-marina-tras-las-inundaciones-en-tabasco\/","title":{"rendered":"As\u00ed se llaman los perritos adoptados por la Marina tras las inundaciones en Tabasco"},"content":{"rendered":"\n<p>Los dos\u00a0perros criollos rescatados por la Secretar\u00eda de Marina\u00a0(Semar) tras las recientes inundaciones en Tabasco, ya tienen nombre:\u00a0Ner\u00f3n y Donatello.<\/p>\n\n\n\n<p>Luego de que los animales fueron salvados, la instituci\u00f3n\u00a0anunci\u00f3 que ser\u00edan adoptados por esta, por lo que\u00a0lanz\u00f3 una convocatoria\u00a0para que fueran los mexicanos quienes le pusieran nombre a las mascotas.<\/p>\n\n\n\n<div class=\"wp-block-image\"><figure class=\"aligncenter\"><img decoding=\"async\" src=\"https:\/\/i2.wp.com\/www.milenio.com\/uploads\/media\/2020\/11\/26\/donatello-veronica-diaz.jpeg?w=800&#038;ssl=1\" alt=\"\" data-recalc-dims=\"1\"\/><\/figure><\/div>\n\n\n\n<p>De acuerdo con la\u00a0Semar,\u00a0para el perro de pelaje claro, el primero en ser rescatado, se recibieron 5 mil 444 propuestas de nombres. Finalmente, fue nombrado\u00a0Ner\u00f3n;\u00a0mientras que para el perro de pelaje negro con blanco, se recibieron 290 propuestas y recibi\u00f3 el nombre de Donatello.<\/p>\n\n\n\n<p>Los dos canes, en un sorteo v\u00eda remota realizado hoy, ser\u00e1n entrenados por la dependencia para las tareas de b\u00fasqueda y rescate, una vez que los especialistas determinen si cumplen con una funci\u00f3n zoot\u00e9cnica.<\/p>\n\n\n\n<p>Fuente: Milenio<\/p>\n","protected":false},"excerpt":{"rendered":"<p>Los dos\u00a0perros criollos rescatados por la Secretar\u00eda de Marina\u00a0(Semar) tras las recientes inundaciones en Tabasco, ya tienen nombre:\u00a0Ner\u00f3n y Donatello. Luego de que los animales fueron salvados, la instituci\u00f3n\u00a0anunci\u00f3 que ser\u00edan adoptados por esta, por lo que\u00a0lanz\u00f3 una convocatoria\u00a0para que fueran los mexicanos quienes le pusieran nombre a las mascotas. De acuerdo con la\u00a0Semar,\u00a0para el<a class=\"read-more\" href=\"https:\/\/globalnewsmexico.com\/sitio\/asi-se-llaman-los-perritos-adoptados-por-la-marina-tras-las-inundaciones-en-tabasco\/\">Leer m\u00e1s<\/a><\/p>\n","protected":false},"author":5,"featured_media":57836,"comment_status":"closed","ping_status":"open","sticky":false,"template":"","format":"standard","meta":{"spay_email":"","footnotes":""},"categories":[37,8,49,52],"tags":[],"jetpack_featured_media_url":"https:\/\/i1.wp.com\/globalnewsmexico.com\/sitio\/wp-content\/uploads\/2020\/11\/neron-veronica-diaz.jpeg?fit=958%2C596&ssl=1","jetpack_sharing_enabled":true,"jetpack_shortlink":"https:\/\/wp.me\/p9yqPL-f2P","jetpack_likes_enabled":true,"_links":{"self":[{"href":"https:\/\/globalnewsmexico.com\/sitio\/wp-json\/wp\/v2\/posts\/57835"}],"collection":[{"href":"https:\/\/globalnewsmexico.com\/sitio\/wp-json\/wp\/v2\/posts"}],"about":[{"href":"https:\/\/globalnewsmexico.com\/sitio\/wp-json\/wp\/v2\/types\/post"}],"author":[{"embeddable":true,"href":"https:\/\/globalnewsmexico.com\/sitio\/wp-json\/wp\/v2\/users\/5"}],"replies":[{"embeddable":true,"href":"https:\/\/globalnewsmexico.com\/sitio\/wp-json\/wp\/v2\/comments?post=57835"}],"version-history":[{"count":0,"href":"https:\/\/globalnewsmexico.com\/sitio\/wp-json\/wp\/v2\/posts\/57835\/revisions"}],"wp:featuredmedia":[{"embeddable":true,"href":"https:\/\/globalnewsmexico.com\/sitio\/wp-json\/wp\/v2\/media\/57836"}],"wp:attachment":[{"href":"https:\/\/globalnewsmexico.com\/sitio\/wp-json\/wp\/v2\/media?parent=57835"}],"wp:term":[{"taxonomy":"category","embeddable":true,"href":"https:\/\/globalnewsmexico.com\/sitio\/wp-json\/wp\/v2\/categories?post=57835"},{"taxonomy":"post_tag","embeddable":true,"href":"https:\/\/globalnewsmexico.com\/sitio\/wp-json\/wp\/v2\/tags?post=57835"}],"curies":[{"name":"wp","href":"https:\/\/api.w.org\/{rel}","templated":true}]}}