{"id":57857,"date":"2020-11-26T20:09:20","date_gmt":"2020-11-27T02:09:20","guid":{"rendered":"http:\/\/globalnewsmexico.com\/sitio\/?p=57857"},"modified":"2020-11-26T20:09:23","modified_gmt":"2020-11-27T02:09:23","slug":"presentan-iniciativa-yo-%e2%9d%a4%ef%b8%8f-coatza","status":"publish","type":"post","link":"https:\/\/globalnewsmexico.com\/sitio\/presentan-iniciativa-yo-%e2%9d%a4%ef%b8%8f-coatza\/","title":{"rendered":"Presentan iniciativa &#8216;Yo \u2764\ufe0f Coatza&#8217;"},"content":{"rendered":"\n<p>Autoridades municipales encabezadas por el alcalde V\u00edctor Manuel Carranza Rosaldo y empresarios locales, llevaron a cabo la presentaci\u00f3n de la iniciativa &#8216;Yo \u2764\ufe0f Coatza&#8217;, que tiene como \u00fanico fin impulsar el centro de Coatzacoalcos y las actividades comerciales, tur\u00edsticas e industriales del municipio.<\/p>\n\n\n\n<p>En su intervenci\u00f3n, el presidente municipal manifest\u00f3 que con este proyecto \u201cle vamos a dar un gran impulso a todo el potencial que ofrece Coatzacoalcos a M\u00e9xico y al mundo\u201d.<\/p>\n\n\n\n<p>Cabe se\u00f1alar que a esta iniciativa se unieron integrantes de &#8216;Por Amor a Coatza&#8217; y Procentro, por lo que Carranza Rosaldo agradeci\u00f3 su disposici\u00f3n y esta suma de esfuerzos, que servir\u00e1n para darle un mayor y mejor proyecci\u00f3n a todo lo que tiene el municipio.<\/p>\n\n\n\n<p>Por su parte, el secretario de Desarrollo Econ\u00f3mico, Fernando Cerda Cort\u00e1zar, coment\u00f3 que se busc\u00f3 la manera de asociarnos para reactivar principalmente el comercio de la zona centro.<\/p>\n\n\n\n<p>\u201c\u2018YO \u2764\ufe0f COATZA\u2019 nos permitir\u00e1 crear el sentimiento de pertenencia, por lo que impulsaremos el hecho de que debemos sumarnos todos para sacar adelante a Coatzacoalcos y hacer una sinergia que impulse no solo al centro de la ciudad, sino las diversas actividades que tenemos\u201d, subray\u00f3 el funcionario.<\/p>\n\n\n\n<p>El sur del estado es punto de partida para los beneficios que vendr\u00e1n con el Corredor Interoce\u00e1nico del Istmo de Tehuantepec y prueba de ello, es la gran aceptaci\u00f3n de la presencia y el potencial tur\u00edstico de nuestro territorio en el encuentro que se tuvo en Acapulco, Guerrero.<\/p>\n\n\n\n<p>Cerda Cort\u00e1zar agreg\u00f3 que se fue a este Foro para vender la marca Coatzacoalcos, y que ya existen peticiones de hermanamiento con algunas ciudades de Europa, todo esto derivado de lo que se podr\u00e1 ofrecer con el CIIT.<\/p>\n\n\n\n<p>Al lanzamiento de &#8216;Yo \u2764\ufe0f Coatza&#8217; asisti\u00f3 Armando Carballo Bra\u00f1as, presidente de la Canaco; V\u00edctor Tejeda Rafael, de Procentro; Laura Campos Garma, empresaria; Antonio Garc\u00eda Y\u00e1\u00f1ez, de &#8216;Por Amor a Coatza&#8217;, y Marie F\u00e9rez, de la misma iniciativa; Esteban Enr\u00edquez por parte de la Consejo Coordinador Empresarial, entre otras personalidades.<\/p>\n","protected":false},"excerpt":{"rendered":"<p>Autoridades municipales encabezadas por el alcalde V\u00edctor Manuel Carranza Rosaldo y empresarios locales, llevaron a cabo la presentaci\u00f3n de la iniciativa &#8216;Yo \u2764\ufe0f Coatza&#8217;, que tiene como \u00fanico fin impulsar el centro de Coatzacoalcos y las actividades comerciales, tur\u00edsticas e industriales del municipio. En su intervenci\u00f3n, el presidente municipal manifest\u00f3 que con este proyecto \u201cle<a class=\"read-more\" href=\"https:\/\/globalnewsmexico.com\/sitio\/presentan-iniciativa-yo-%e2%9d%a4%ef%b8%8f-coatza\/\">Leer m\u00e1s<\/a><\/p>\n","protected":false},"author":5,"featured_media":57861,"comment_status":"closed","ping_status":"open","sticky":false,"template":"","format":"standard","meta":{"spay_email":"","footnotes":""},"categories":[37,8,50,52],"tags":[],"jetpack_featured_media_url":"https:\/\/i1.wp.com\/globalnewsmexico.com\/sitio\/wp-content\/uploads\/2020\/11\/6cc186e5-8627-42c8-9e9b-6c055358c129.jpg?fit=1024%2C683&ssl=1","jetpack_sharing_enabled":true,"jetpack_shortlink":"https:\/\/wp.me\/p9yqPL-f3b","jetpack_likes_enabled":true,"_links":{"self":[{"href":"https:\/\/globalnewsmexico.com\/sitio\/wp-json\/wp\/v2\/posts\/57857"}],"collection":[{"href":"https:\/\/globalnewsmexico.com\/sitio\/wp-json\/wp\/v2\/posts"}],"about":[{"href":"https:\/\/globalnewsmexico.com\/sitio\/wp-json\/wp\/v2\/types\/post"}],"author":[{"embeddable":true,"href":"https:\/\/globalnewsmexico.com\/sitio\/wp-json\/wp\/v2\/users\/5"}],"replies":[{"embeddable":true,"href":"https:\/\/globalnewsmexico.com\/sitio\/wp-json\/wp\/v2\/comments?post=57857"}],"version-history":[{"count":0,"href":"https:\/\/globalnewsmexico.com\/sitio\/wp-json\/wp\/v2\/posts\/57857\/revisions"}],"wp:featuredmedia":[{"embeddable":true,"href":"https:\/\/globalnewsmexico.com\/sitio\/wp-json\/wp\/v2\/media\/57861"}],"wp:attachment":[{"href":"https:\/\/globalnewsmexico.com\/sitio\/wp-json\/wp\/v2\/media?parent=57857"}],"wp:term":[{"taxonomy":"category","embeddable":true,"href":"https:\/\/globalnewsmexico.com\/sitio\/wp-json\/wp\/v2\/categories?post=57857"},{"taxonomy":"post_tag","embeddable":true,"href":"https:\/\/globalnewsmexico.com\/sitio\/wp-json\/wp\/v2\/tags?post=57857"}],"curies":[{"name":"wp","href":"https:\/\/api.w.org\/{rel}","templated":true}]}}