{"id":57862,"date":"2020-11-26T21:36:42","date_gmt":"2020-11-27T03:36:42","guid":{"rendered":"http:\/\/globalnewsmexico.com\/sitio\/?p=57862"},"modified":"2020-11-26T21:36:48","modified_gmt":"2020-11-27T03:36:48","slug":"canaco-y-ayuntamiento-de-cordoba-realizan-lavado-de-fachadas-y-banquetas","status":"publish","type":"post","link":"https:\/\/globalnewsmexico.com\/sitio\/canaco-y-ayuntamiento-de-cordoba-realizan-lavado-de-fachadas-y-banquetas\/","title":{"rendered":"Canaco y Ayuntamiento de C\u00f3rdoba realizan lavado de fachadas y banquetas"},"content":{"rendered":"\n<p>En el marco de las acciones preventivas para mitigar contagios de Covid-19, el Ayuntamiento de C\u00f3rdoba, en coordinaci\u00f3n con el comercio establecido, realiz\u00f3 este jueves el lavado de fachadas y banquetas del centro de la ciudad.<\/p>\n\n\n\n<p>Iv\u00e1n Espinoza Hermida, encargado despacho de la Direcci\u00f3n de Comercio, destac\u00f3 que a esta acci\u00f3n se sum\u00f3 personal de la Unidad Municipal de Protecci\u00f3n Civil (UMPC), la paramunicipal Hidrosistema de C\u00f3rdoba y afiliados a la C\u00e1mara Nacional de Comercio (Canaco).<\/p>\n\n\n\n<p>Llam\u00f3 a no bajar la guardia a fin de romper la cadena de contagios, \u201cel cambio a sem\u00e1foro amarillo implica una mayor responsabilidad, nos convoca a continuar con medidas preventivas\u201d, dijo el servidor p\u00fablico.<\/p>\n\n\n\n<p>Esta jornada de limpieza se realiz\u00f3 en establecimientos comerciales de avenida 3 hasta avenida 6, y desde calle 9 a calle 7, con el objetivo de contribuir a procurar la salud de las personas que visitan la zona comercial del centro de C\u00f3rdoba.<\/p>\n\n\n\n<p>\u201cCanaco C\u00f3rdoba siempre ha colaborado con el Ayuntamiento y es por ello que ahora hacemos el llamado a todos a sumarse, a que este lavado lo hagan diario, ya sea por la ma\u00f1ana o la noche, pero que no se baje la guardia para que C\u00f3rdoba no regrese a un estado cr\u00edtico\u201d, afirm\u00f3 Carlos Lara, presidente de la delegaci\u00f3n local de la Canaco.<\/p>\n\n\n\n<p>Jos\u00e9 Luis Rodr\u00edguez Salmer\u00f3n, director de Desarrollo Econ\u00f3mico, dijo que es fundamental la coordinaci\u00f3n entre el Ayuntamiento de C\u00f3rdoba y la Canaco, como una medida que impulsa la econom\u00eda local, al tiempo que promueve el cambio de h\u00e1bitos ante la nueva convivencia social ante el Covid-19.<\/p>\n\n\n\n<p>Dijo que se busca que el p\u00fablico tenga la certeza de que los establecimientos comerciales que visita se encuentran en condiciones sanitarias \u00f3ptimas, y agradeci\u00f3 al comercio establecido por sumarse a esta iniciativa, \u201ces una suma por la salud\u201d, concluy\u00f3 el director.<\/p>\n\n\n\n<p>Espinoza Hermida adelant\u00f3 que se retomar\u00e1 esta acci\u00f3n y se implementar\u00e1 de manera peri\u00f3dica, como una medida en beneficio del comercio local y de la salud p\u00fablica.<\/p>\n","protected":false},"excerpt":{"rendered":"<p>En el marco de las acciones preventivas para mitigar contagios de Covid-19, el Ayuntamiento de C\u00f3rdoba, en coordinaci\u00f3n con el comercio establecido, realiz\u00f3 este jueves el lavado de fachadas y banquetas del centro de la ciudad. Iv\u00e1n Espinoza Hermida, encargado despacho de la Direcci\u00f3n de Comercio, destac\u00f3 que a esta acci\u00f3n se sum\u00f3 personal de<a class=\"read-more\" href=\"https:\/\/globalnewsmexico.com\/sitio\/canaco-y-ayuntamiento-de-cordoba-realizan-lavado-de-fachadas-y-banquetas\/\">Leer m\u00e1s<\/a><\/p>\n","protected":false},"author":5,"featured_media":57863,"comment_status":"closed","ping_status":"open","sticky":false,"template":"","format":"standard","meta":{"spay_email":"","footnotes":""},"categories":[37,8,50,52],"tags":[],"jetpack_featured_media_url":"https:\/\/i2.wp.com\/globalnewsmexico.com\/sitio\/wp-content\/uploads\/2020\/11\/4debc187-3630-4edf-ba10-818adb831221.jpg?fit=1024%2C682&ssl=1","jetpack_sharing_enabled":true,"jetpack_shortlink":"https:\/\/wp.me\/p9yqPL-f3g","jetpack_likes_enabled":true,"_links":{"self":[{"href":"https:\/\/globalnewsmexico.com\/sitio\/wp-json\/wp\/v2\/posts\/57862"}],"collection":[{"href":"https:\/\/globalnewsmexico.com\/sitio\/wp-json\/wp\/v2\/posts"}],"about":[{"href":"https:\/\/globalnewsmexico.com\/sitio\/wp-json\/wp\/v2\/types\/post"}],"author":[{"embeddable":true,"href":"https:\/\/globalnewsmexico.com\/sitio\/wp-json\/wp\/v2\/users\/5"}],"replies":[{"embeddable":true,"href":"https:\/\/globalnewsmexico.com\/sitio\/wp-json\/wp\/v2\/comments?post=57862"}],"version-history":[{"count":0,"href":"https:\/\/globalnewsmexico.com\/sitio\/wp-json\/wp\/v2\/posts\/57862\/revisions"}],"wp:featuredmedia":[{"embeddable":true,"href":"https:\/\/globalnewsmexico.com\/sitio\/wp-json\/wp\/v2\/media\/57863"}],"wp:attachment":[{"href":"https:\/\/globalnewsmexico.com\/sitio\/wp-json\/wp\/v2\/media?parent=57862"}],"wp:term":[{"taxonomy":"category","embeddable":true,"href":"https:\/\/globalnewsmexico.com\/sitio\/wp-json\/wp\/v2\/categories?post=57862"},{"taxonomy":"post_tag","embeddable":true,"href":"https:\/\/globalnewsmexico.com\/sitio\/wp-json\/wp\/v2\/tags?post=57862"}],"curies":[{"name":"wp","href":"https:\/\/api.w.org\/{rel}","templated":true}]}}