{"id":57915,"date":"2020-11-27T20:26:37","date_gmt":"2020-11-28T02:26:37","guid":{"rendered":"http:\/\/globalnewsmexico.com\/sitio\/?p=57915"},"modified":"2020-11-27T20:26:47","modified_gmt":"2020-11-28T02:26:47","slug":"recolectan-aparatos-electronicos-en-diferentes-puntos-de-la-ciudad","status":"publish","type":"post","link":"https:\/\/globalnewsmexico.com\/sitio\/recolectan-aparatos-electronicos-en-diferentes-puntos-de-la-ciudad\/","title":{"rendered":"Recolectan aparatos electr\u00f3nicos en diferentes puntos de la ciudad"},"content":{"rendered":"\n<p>Desde muy temprana hora, en la explanada de la Pir\u00e1mide se lleva a cabo el &#8216;Reciclatr\u00f3n&#8217; de aparatos electr\u00f3nicos Coatzacoalcos 2020. Hasta las 18:00 horas de este viernes se estar\u00e1n recibiendo estos residuos en los centros de acopio instalados en la terminal del ADO, en la Central Camionera y en los m\u00f3dulos de acceso a la ciudad, en Canticas y Calzadas. La meta, llenar un tr\u00e1iler con capacidad de 25 toneladas.<\/p>\n\n\n\n<p>La regidora d\u00e9cimo primera, Blanca Hilda Cuevas Rosado, a nombre del alcalde V\u00edctor Manuel Carranza Rosaldo, dijo que el cuidado del medio ambiente siempre ha sido un compromiso del mun\u00edcipe porte\u00f1o, por lo que gir\u00f3 instrucciones para realizar este evento anualmente.<\/p>\n\n\n\n<p>\u201cAgradecemos el trabajo en equipo entre los gobiernos municipales de Minatitl\u00e1n y Coatzacoalcos y a todos los integrantes del Consejo Consultivo Municipal del Medio Ambiente y Desarrollo Sustentable, los cuales se han preocupado por hacer estrategias ambientales. Tambi\u00e9n agradecemos el trabajo en conjunto con el CLAM, con el que hemos hecho equipo para servir a la ciudadan\u00eda y a trav\u00e9s de ustedes saludo a todas las empresas que trabajan en la mejora de lo que es el medio ambiente\u201d, dijo la edil.<\/p>\n\n\n\n<p>Manifest\u00f3 que los objetivos m\u00e1s importantes del Comit\u00e9, son: preservar y cuidar el medio ambiente, fomentar la cultura del reciclaje y que los aparatos electr\u00f3nicos no lleguen a los basureros clandestinos.<\/p>\n\n\n\n<p>Estuvieron presentes en este evento Juan Dom\u00ednguez Hern\u00e1ndez, delegado zona sur de la Semarnat; Raymundo Maciel Mej\u00eda, Director de Medio Ambiente y Desarrollo Sustentable en Coatzacoalcos; Jorge Palavacinni, enlace de la Secretaria del Medio Ambiente del Gobierno del Estado; Octavio de los Reyes Trejo, subdirector de Medio Ambiente y Ana Leticia Sui Gallegos, regidora del Ayuntamiento de Minatitl\u00e1n.<\/p>\n\n\n\n<p>Igualmente, los integrantes del Consejo Consultivo Municipal del Medio Ambiente y Desarrollo Sustentable, Bulmaro Salazar Hern\u00e1ndez, Director del Itesco; Armando Carballo Bra\u00f1as, Presidente de la Canaco; Adriana Garc\u00eda Garay de la Asociaci\u00f3n Civil, \u201cTrabajemos hoy para disfrutar el ma\u00f1ana\u201d, Dra. Cuevas de la UV y Elodia Tadeo representante del sector privado y Mayra Andrade Chabl\u00e9, del Subcomit\u00e9 Ambiental del CLAM.<\/p>\n","protected":false},"excerpt":{"rendered":"<p>Desde muy temprana hora, en la explanada de la Pir\u00e1mide se lleva a cabo el &#8216;Reciclatr\u00f3n&#8217; de aparatos electr\u00f3nicos Coatzacoalcos 2020. Hasta las 18:00 horas de este viernes se estar\u00e1n recibiendo estos residuos en los centros de acopio instalados en la terminal del ADO, en la Central Camionera y en los m\u00f3dulos de acceso a<a class=\"read-more\" href=\"https:\/\/globalnewsmexico.com\/sitio\/recolectan-aparatos-electronicos-en-diferentes-puntos-de-la-ciudad\/\">Leer m\u00e1s<\/a><\/p>\n","protected":false},"author":5,"featured_media":57917,"comment_status":"closed","ping_status":"open","sticky":false,"template":"","format":"standard","meta":{"spay_email":"","footnotes":""},"categories":[37,8,50,52],"tags":[],"jetpack_featured_media_url":"https:\/\/i2.wp.com\/globalnewsmexico.com\/sitio\/wp-content\/uploads\/2020\/11\/78974d66-67a0-459e-8835-694cf271439a.jpg?fit=1024%2C683&ssl=1","jetpack_sharing_enabled":true,"jetpack_shortlink":"https:\/\/wp.me\/p9yqPL-f47","jetpack_likes_enabled":true,"_links":{"self":[{"href":"https:\/\/globalnewsmexico.com\/sitio\/wp-json\/wp\/v2\/posts\/57915"}],"collection":[{"href":"https:\/\/globalnewsmexico.com\/sitio\/wp-json\/wp\/v2\/posts"}],"about":[{"href":"https:\/\/globalnewsmexico.com\/sitio\/wp-json\/wp\/v2\/types\/post"}],"author":[{"embeddable":true,"href":"https:\/\/globalnewsmexico.com\/sitio\/wp-json\/wp\/v2\/users\/5"}],"replies":[{"embeddable":true,"href":"https:\/\/globalnewsmexico.com\/sitio\/wp-json\/wp\/v2\/comments?post=57915"}],"version-history":[{"count":0,"href":"https:\/\/globalnewsmexico.com\/sitio\/wp-json\/wp\/v2\/posts\/57915\/revisions"}],"wp:featuredmedia":[{"embeddable":true,"href":"https:\/\/globalnewsmexico.com\/sitio\/wp-json\/wp\/v2\/media\/57917"}],"wp:attachment":[{"href":"https:\/\/globalnewsmexico.com\/sitio\/wp-json\/wp\/v2\/media?parent=57915"}],"wp:term":[{"taxonomy":"category","embeddable":true,"href":"https:\/\/globalnewsmexico.com\/sitio\/wp-json\/wp\/v2\/categories?post=57915"},{"taxonomy":"post_tag","embeddable":true,"href":"https:\/\/globalnewsmexico.com\/sitio\/wp-json\/wp\/v2\/tags?post=57915"}],"curies":[{"name":"wp","href":"https:\/\/api.w.org\/{rel}","templated":true}]}}