{"id":57938,"date":"2020-11-28T14:21:31","date_gmt":"2020-11-28T20:21:31","guid":{"rendered":"http:\/\/globalnewsmexico.com\/sitio\/?p=57938"},"modified":"2020-11-28T14:21:48","modified_gmt":"2020-11-28T20:21:48","slug":"suman-800-voluntarios-para-la-prueba-de-la-vacuna-contra-covid-19-en-veracruz","status":"publish","type":"post","link":"https:\/\/globalnewsmexico.com\/sitio\/suman-800-voluntarios-para-la-prueba-de-la-vacuna-contra-covid-19-en-veracruz\/","title":{"rendered":"Suman 800 voluntarios para la prueba de la vacuna contra Covid-19 en Veracruz"},"content":{"rendered":"\n<p>Ya suman cerca de 800 personas que se han inscrito como posibles voluntarios para recibir la dosis de la vacuna de prueba contra el coronavirus, elaborada por CanSino Biologics, inform\u00f3\u00a0Sharzy Molina, CEO de FAICIC.\u00a0<\/p>\n\n\n\n<p>Indic\u00f3 que este viernes fueron vacunados los primeros cinco voluntarios y, a partir del lunes, continuar\u00e1n aplicando las dosis a aproximadamente 40 ciudadanos por d\u00eda.<\/p>\n\n\n\n<p>\u00abHasta ahorita los registros arrojan a 800 personas registradas; esto no quiere decir que las 800 se vayan a vacunar, ya que pasan por un \u00faltimo filtro. Por ejemplo, las personas embarazadas o en periodo de lactancia no pueden vacunarse, las personas que hayan tenido Covid-19 no pueden, las personas con c\u00e1ncer o alguna enfermedad que ponga en riesgo su vida tampoco pueden vacunarse\u00bb, dijo.\u00a0<\/p>\n\n\n\n<p>Indic\u00f3 que a\u00fan sigue abierto el registro para voluntarios que quieran participar en la fase 3 de la prueba de la vacuna contra el coronavirus de CanSino.<\/p>\n\n\n\n<p>Los interesados pueden incribirse en la p\u00e1gina de FAICIC, donde se ubica la secci\u00f3n de Covid-19; ah\u00ed encontrar\u00e1n un formulario que tendr\u00e1n que llenar, para que m\u00e1s adelante sean contactados por personal del lugar.<\/p>\n\n\n\n<p>Fuente: Xeu Noticias<\/p>\n","protected":false},"excerpt":{"rendered":"<p>Ya suman cerca de 800 personas que se han inscrito como posibles voluntarios para recibir la dosis de la vacuna de prueba contra el coronavirus, elaborada por CanSino Biologics, inform\u00f3\u00a0Sharzy Molina, CEO de FAICIC.\u00a0 Indic\u00f3 que este viernes fueron vacunados los primeros cinco voluntarios y, a partir del lunes, continuar\u00e1n aplicando las dosis a aproximadamente<a class=\"read-more\" href=\"https:\/\/globalnewsmexico.com\/sitio\/suman-800-voluntarios-para-la-prueba-de-la-vacuna-contra-covid-19-en-veracruz\/\">Leer m\u00e1s<\/a><\/p>\n","protected":false},"author":5,"featured_media":57939,"comment_status":"closed","ping_status":"open","sticky":false,"template":"","format":"standard","meta":{"spay_email":"","footnotes":""},"categories":[37,8,50,52],"tags":[],"jetpack_featured_media_url":"https:\/\/i2.wp.com\/globalnewsmexico.com\/sitio\/wp-content\/uploads\/2020\/11\/1132671.jpg?fit=1024%2C655&ssl=1","jetpack_sharing_enabled":true,"jetpack_shortlink":"https:\/\/wp.me\/p9yqPL-f4u","jetpack_likes_enabled":true,"_links":{"self":[{"href":"https:\/\/globalnewsmexico.com\/sitio\/wp-json\/wp\/v2\/posts\/57938"}],"collection":[{"href":"https:\/\/globalnewsmexico.com\/sitio\/wp-json\/wp\/v2\/posts"}],"about":[{"href":"https:\/\/globalnewsmexico.com\/sitio\/wp-json\/wp\/v2\/types\/post"}],"author":[{"embeddable":true,"href":"https:\/\/globalnewsmexico.com\/sitio\/wp-json\/wp\/v2\/users\/5"}],"replies":[{"embeddable":true,"href":"https:\/\/globalnewsmexico.com\/sitio\/wp-json\/wp\/v2\/comments?post=57938"}],"version-history":[{"count":0,"href":"https:\/\/globalnewsmexico.com\/sitio\/wp-json\/wp\/v2\/posts\/57938\/revisions"}],"wp:featuredmedia":[{"embeddable":true,"href":"https:\/\/globalnewsmexico.com\/sitio\/wp-json\/wp\/v2\/media\/57939"}],"wp:attachment":[{"href":"https:\/\/globalnewsmexico.com\/sitio\/wp-json\/wp\/v2\/media?parent=57938"}],"wp:term":[{"taxonomy":"category","embeddable":true,"href":"https:\/\/globalnewsmexico.com\/sitio\/wp-json\/wp\/v2\/categories?post=57938"},{"taxonomy":"post_tag","embeddable":true,"href":"https:\/\/globalnewsmexico.com\/sitio\/wp-json\/wp\/v2\/tags?post=57938"}],"curies":[{"name":"wp","href":"https:\/\/api.w.org\/{rel}","templated":true}]}}