{"id":57954,"date":"2020-11-28T16:45:46","date_gmt":"2020-11-28T22:45:46","guid":{"rendered":"http:\/\/globalnewsmexico.com\/sitio\/?p=57954"},"modified":"2020-11-28T16:45:59","modified_gmt":"2020-11-28T22:45:59","slug":"productores-de-cafe-de-cordoba-son-reconocidos-por-calidad-del-aromatico","status":"publish","type":"post","link":"https:\/\/globalnewsmexico.com\/sitio\/productores-de-cafe-de-cordoba-son-reconocidos-por-calidad-del-aromatico\/","title":{"rendered":"Productores de caf\u00e9 de C\u00f3rdoba son reconocidos por calidad del arom\u00e1tico"},"content":{"rendered":"\n<p>Seis productores de caf\u00e9, apoyados por el Ayuntamiento de C\u00f3rdoba, recibieron reconocimientos por parte del Centro Agroecol\u00f3gico del Caf\u00e9 (Cafecol) por la calidad de su arom\u00e1tico, inform\u00f3 Jos\u00e9 Luis Rodr\u00edguez Salmer\u00f3n, director de Desarrollo Econ\u00f3mico, quien se\u00f1al\u00f3 que a trav\u00e9s de los programas municipales de fomento agropecuario se promueve la mejora en la calidad del caf\u00e9 producido en C\u00f3rdoba, y se impulsa que cafeticultores locales accedan a mejores precios y a mercados m\u00e1s amplios.<\/p>\n\n\n\n<p>Destac\u00f3 que la evaluaci\u00f3n hecha por Cafecol calific\u00f3 aroma, sabor, sabor residual, acidez, cuerpo, uniformidad, balance, taza limpia, dulzura, puntaje del catador y defectos, y otorg\u00f3 a seis productores calificaciones mayores a 80 puntos, que los colocan entre los mejor posicionados a nivel estatal.<\/p>\n\n\n\n<p>De esta forma el caf\u00e9 pergamino que los productores presentaron fue reconocido como Caf\u00e9 de Especialidad, raz\u00f3n por la cual ahora pueden ser comercializados en barras de caf\u00e9 y de prestigio no solo en M\u00e9xico, sino en el extranjero a un precio mayor.<\/p>\n\n\n\n<p>Esta producci\u00f3n local tambi\u00e9n es considerada como caf\u00e9 de altura, ya que sus plantaciones se encuentran a 1350 metros sobre el nivel del mar.<\/p>\n\n\n\n<p>La cafeticultora, Teresa Gal\u00e1n, agradeci\u00f3 el apoyo brindado, ya que ha visto crecimiento en la venta y distribuci\u00f3n de su producto desde hace un par de a\u00f1os que comenz\u00f3 a recibir ayuda por parte de las autoridades municipales: \u201cQuiero dar gracias a la presidenta Leticia L\u00f3pez Landero, porque no se ha olvidado de nosotros, que ha estado al pendiente y queremos que contin\u00fae as\u00ed\u201d.<\/p>\n\n\n\n<p>Los caf\u00e9s evaluados formar\u00e1n ahora parte del programa Caf\u00e9 de Autor que se desarrolla en colaboraci\u00f3n con el Museo del Caf\u00e9 de C\u00f3rdoba, donde los turistas que visitan el municipio y la ciudadan\u00eda en general podr\u00e1n adquirir el producto para consumo personal. Al respecto, Nadia Zilli Basurto, directora de Turismo y Cultura, invit\u00f3 a visitar el sitio y consumir local.<\/p>\n\n\n\n<p>Cafecol, la instancia encargada de la evaluaci\u00f3n, es una asociaci\u00f3n civil en la que participan productores, beneficiadores, tostadores y cafeter\u00edas, y se encarga de desarrollar y transmitir conocimientos tradicionales, cient\u00edficos y tecnol\u00f3gicos, orientados hacia el desarrollo sustentable de la cafeticultura mexicana.<\/p>\n","protected":false},"excerpt":{"rendered":"<p>Seis productores de caf\u00e9, apoyados por el Ayuntamiento de C\u00f3rdoba, recibieron reconocimientos por parte del Centro Agroecol\u00f3gico del Caf\u00e9 (Cafecol) por la calidad de su arom\u00e1tico, inform\u00f3 Jos\u00e9 Luis Rodr\u00edguez Salmer\u00f3n, director de Desarrollo Econ\u00f3mico, quien se\u00f1al\u00f3 que a trav\u00e9s de los programas municipales de fomento agropecuario se promueve la mejora en la calidad del<a class=\"read-more\" href=\"https:\/\/globalnewsmexico.com\/sitio\/productores-de-cafe-de-cordoba-son-reconocidos-por-calidad-del-aromatico\/\">Leer m\u00e1s<\/a><\/p>\n","protected":false},"author":5,"featured_media":57956,"comment_status":"closed","ping_status":"open","sticky":false,"template":"","format":"standard","meta":{"spay_email":"","footnotes":""},"categories":[37,8,50,52],"tags":[],"jetpack_featured_media_url":"https:\/\/i0.wp.com\/globalnewsmexico.com\/sitio\/wp-content\/uploads\/2020\/11\/197ffe5a-2b31-4c7a-b96a-97c38752fb90.jpg?fit=960%2C820&ssl=1","jetpack_sharing_enabled":true,"jetpack_shortlink":"https:\/\/wp.me\/p9yqPL-f4K","jetpack_likes_enabled":true,"_links":{"self":[{"href":"https:\/\/globalnewsmexico.com\/sitio\/wp-json\/wp\/v2\/posts\/57954"}],"collection":[{"href":"https:\/\/globalnewsmexico.com\/sitio\/wp-json\/wp\/v2\/posts"}],"about":[{"href":"https:\/\/globalnewsmexico.com\/sitio\/wp-json\/wp\/v2\/types\/post"}],"author":[{"embeddable":true,"href":"https:\/\/globalnewsmexico.com\/sitio\/wp-json\/wp\/v2\/users\/5"}],"replies":[{"embeddable":true,"href":"https:\/\/globalnewsmexico.com\/sitio\/wp-json\/wp\/v2\/comments?post=57954"}],"version-history":[{"count":0,"href":"https:\/\/globalnewsmexico.com\/sitio\/wp-json\/wp\/v2\/posts\/57954\/revisions"}],"wp:featuredmedia":[{"embeddable":true,"href":"https:\/\/globalnewsmexico.com\/sitio\/wp-json\/wp\/v2\/media\/57956"}],"wp:attachment":[{"href":"https:\/\/globalnewsmexico.com\/sitio\/wp-json\/wp\/v2\/media?parent=57954"}],"wp:term":[{"taxonomy":"category","embeddable":true,"href":"https:\/\/globalnewsmexico.com\/sitio\/wp-json\/wp\/v2\/categories?post=57954"},{"taxonomy":"post_tag","embeddable":true,"href":"https:\/\/globalnewsmexico.com\/sitio\/wp-json\/wp\/v2\/tags?post=57954"}],"curies":[{"name":"wp","href":"https:\/\/api.w.org\/{rel}","templated":true}]}}