{"id":57957,"date":"2020-11-28T16:59:38","date_gmt":"2020-11-28T22:59:38","guid":{"rendered":"http:\/\/globalnewsmexico.com\/sitio\/?p=57957"},"modified":"2020-11-28T16:59:46","modified_gmt":"2020-11-28T22:59:46","slug":"miles-de-personas-protestan-en-argentina-contra-propuesta-de-legalizar-aborto","status":"publish","type":"post","link":"https:\/\/globalnewsmexico.com\/sitio\/miles-de-personas-protestan-en-argentina-contra-propuesta-de-legalizar-aborto\/","title":{"rendered":"Miles de personas protestan en Argentina contra propuesta de legalizar aborto"},"content":{"rendered":"\n<p>Miles de manifestantes provida, integrantes de organizaciones civiles y la iglesia cat\u00f3lica y evang\u00e9lica, realizaron una marcha en Buenos Aires contra la propuesta del Gobierno de Argentina,\u00a0encabezado por Alberto Fern\u00e1ndez, para legalizar el aborto.<\/p>\n\n\n\n<p>Los asistentes produjeron la mayor concentraci\u00f3n frente al Congreso, donde se prev\u00e9 que la semana pr\u00f3xima comience el tratamiento del proyecto de ley en la\u00a0C\u00e1mara de Diputados. Las marchas y caravanas se realizaron en 500 ciudades del pa\u00eds,\u00a0seg\u00fan los organizadores.<\/p>\n\n\n\n<p>\u00abEs una convocatoria espont\u00e1nea en la que esperamos a cientos de miles de personas del pa\u00eds que est\u00e1n a favor de las dos vidas\u00bb, dijo el pastor Jorge G\u00f3mez, director ejecutivo de la\u00a0Alianza Cristiana de Iglesias Evang\u00e9licas de Argentina, una de las organizaciones que participar\u00e1n en las manifestaciones.<\/p>\n\n\n\n<p>Carteles con lemas como \u00ab\u00a1Salvemos las dos vidas!\u00bb y \u00abMarcha por el ni\u00f1o por nacer\u00bb, junto con pa\u00f1uelos azules, fueron portados por los manifestantes en todo el pa\u00eds. Los organizadores informaron que respetaron todas las medidas de prevenci\u00f3n necesarias, \u00abcon barbijos y guardando distancia\u00bb, ante la pandemia de Covid-19.<\/p>\n\n\n\n<p>El proyecto para legalizar el aborto ya hab\u00eda sido debatido en 2018, durante el gobierno de Mauricio Macri, quien dio v\u00eda libre para su discusi\u00f3n tras a\u00f1os de intentos por parte de la izquierda y de grupos feministas para impulsar la iniciativa. En Argentina, la interrupci\u00f3n del embarazo solo est\u00e1 permitida en caso de violaci\u00f3n o peligro para la vida de la mujer, legislaci\u00f3n que rige desde la d\u00e9cada de 1920.<\/p>\n\n\n\n<p>Fuente: Agencias<\/p>\n","protected":false},"excerpt":{"rendered":"<p>Miles de manifestantes provida, integrantes de organizaciones civiles y la iglesia cat\u00f3lica y evang\u00e9lica, realizaron una marcha en Buenos Aires contra la propuesta del Gobierno de Argentina,\u00a0encabezado por Alberto Fern\u00e1ndez, para legalizar el aborto. Los asistentes produjeron la mayor concentraci\u00f3n frente al Congreso, donde se prev\u00e9 que la semana pr\u00f3xima comience el tratamiento del proyecto<a class=\"read-more\" href=\"https:\/\/globalnewsmexico.com\/sitio\/miles-de-personas-protestan-en-argentina-contra-propuesta-de-legalizar-aborto\/\">Leer m\u00e1s<\/a><\/p>\n","protected":false},"author":5,"featured_media":57958,"comment_status":"closed","ping_status":"open","sticky":false,"template":"","format":"standard","meta":{"spay_email":"","footnotes":""},"categories":[37,8,48,52],"tags":[],"jetpack_featured_media_url":"https:\/\/i1.wp.com\/globalnewsmexico.com\/sitio\/wp-content\/uploads\/2020\/11\/aborto-argentina-genera-profundas-divisiones_0_28_1200_747.jpg?fit=958%2C596&ssl=1","jetpack_sharing_enabled":true,"jetpack_shortlink":"https:\/\/wp.me\/p9yqPL-f4N","jetpack_likes_enabled":true,"_links":{"self":[{"href":"https:\/\/globalnewsmexico.com\/sitio\/wp-json\/wp\/v2\/posts\/57957"}],"collection":[{"href":"https:\/\/globalnewsmexico.com\/sitio\/wp-json\/wp\/v2\/posts"}],"about":[{"href":"https:\/\/globalnewsmexico.com\/sitio\/wp-json\/wp\/v2\/types\/post"}],"author":[{"embeddable":true,"href":"https:\/\/globalnewsmexico.com\/sitio\/wp-json\/wp\/v2\/users\/5"}],"replies":[{"embeddable":true,"href":"https:\/\/globalnewsmexico.com\/sitio\/wp-json\/wp\/v2\/comments?post=57957"}],"version-history":[{"count":0,"href":"https:\/\/globalnewsmexico.com\/sitio\/wp-json\/wp\/v2\/posts\/57957\/revisions"}],"wp:featuredmedia":[{"embeddable":true,"href":"https:\/\/globalnewsmexico.com\/sitio\/wp-json\/wp\/v2\/media\/57958"}],"wp:attachment":[{"href":"https:\/\/globalnewsmexico.com\/sitio\/wp-json\/wp\/v2\/media?parent=57957"}],"wp:term":[{"taxonomy":"category","embeddable":true,"href":"https:\/\/globalnewsmexico.com\/sitio\/wp-json\/wp\/v2\/categories?post=57957"},{"taxonomy":"post_tag","embeddable":true,"href":"https:\/\/globalnewsmexico.com\/sitio\/wp-json\/wp\/v2\/tags?post=57957"}],"curies":[{"name":"wp","href":"https:\/\/api.w.org\/{rel}","templated":true}]}}