{"id":57991,"date":"2020-11-30T11:49:12","date_gmt":"2020-11-30T17:49:12","guid":{"rendered":"http:\/\/globalnewsmexico.com\/sitio\/?p=57991"},"modified":"2020-11-30T11:49:41","modified_gmt":"2020-11-30T17:49:41","slug":"amlo-califica-como-vergonzosas-alianzas-del-pri-pan-y-prd","status":"publish","type":"post","link":"https:\/\/globalnewsmexico.com\/sitio\/amlo-califica-como-vergonzosas-alianzas-del-pri-pan-y-prd\/","title":{"rendered":"AMLO califica como vergonzosas alianzas del PRI, PAN y PRD"},"content":{"rendered":"\n<p>El presidente Andr\u00e9s Manuel L\u00f3pez Obrador\u00a0calific\u00f3 como \u00abmuy vergonzosas\u00bb\u00a0las alianzas pol\u00edticas que est\u00e1n haciendo los partidos del PAN, PRI y PRD con miras a las pr\u00f3ximas elecciones; el mandatario prev\u00e9 que \u00ables va a afectar\u00bb unirse contra el bloque de gobierno.<\/p>\n\n\n\n<p>En su conferencia en Palacio Nacional, L\u00f3pez Obrador cuestion\u00f3 el rol que han hecho los bloques contrarios a su gobierno con miras a las pr\u00f3ximas elecciones parlamentarias de 2021, y afirm\u00f3 que la pol\u00edtica \u00abno es una ciencia exacta\u00bb.<\/p>\n\n\n\n<p>\u00abYo creo que\u00a0esa alianza en contra les va a afectar m\u00e1s. Yo ni deber\u00eda de estar diciendo, pero un consejo no se le niega a nadie porque imag\u00ednese los que pensaban que los del PRI era una cosa y el PAN otra y el PRD otra, y ahora todos juntos, pues va a tener un efecto bumerang, un efecto contrario, les va a perjudicar mucho. La pol\u00edtica no es de ciencia exacta, es de aproximaci\u00f3n. No es que 2 y 2 son 4. No, no es as\u00ed\u00bb, dijo el mandatario.<\/p>\n\n\n\n<p>Agreg\u00f3 adem\u00e1s que la uni\u00f3n de estos partidos \u00abes muy vergonzosa, imag\u00ednense qu\u00e9 estar\u00eda diciendo Manuel G\u00f3mez Morin si viviera, o Jes\u00fas Reyes Heroles, o Carlos Madrazo, padre finado. Bueno, y los fundadores del PRD. Pero as\u00ed est\u00e1n estas cosas, es muy normal que se manifiesten los dirigentes del PAN, es su derecho adem\u00e1s\u00bb.<\/p>\n\n\n\n<p>Previo a esos comentarios, el presidente L\u00f3pez Obrador se refiri\u00f3 espec\u00edficamente a la alianza que ha decidido tomar el PRI y el PAN en Baja California, un hecho que \u00e9l afirm\u00f3 que lo celebr\u00f3.<\/p>\n\n\n\n<p>\u00abMe dio mucho gusto, lo celebr\u00e9, porque no deja de ser un timbre de orgullo, el haber dicho hace muchos a\u00f1os de que era lo mismo el PRI y el PAN, que de era el &#8216;PRIAN&#8217;, y todav\u00eda muchos pensaban de que era una exageraci\u00f3n de mi parte, de que estaba yo inventando\u00bb.<\/p>\n\n\n\n<p>Andr\u00e9s Manuel L\u00f3pez Obrador dijo que en su gobierno \u00abvamos a seguir respetando el derecho de disentir, no vamos a perseguir a nadie, no va haber fabricaci\u00f3n de delitos como era antes, no va a haber censura a los medios, aunque est\u00e9n todos los d\u00edas en contra nuestra\u00bb.<\/p>\n\n\n\n<p>Fuente: Milenio<\/p>\n","protected":false},"excerpt":{"rendered":"<p>El presidente Andr\u00e9s Manuel L\u00f3pez Obrador\u00a0calific\u00f3 como \u00abmuy vergonzosas\u00bb\u00a0las alianzas pol\u00edticas que est\u00e1n haciendo los partidos del PAN, PRI y PRD con miras a las pr\u00f3ximas elecciones; el mandatario prev\u00e9 que \u00ables va a afectar\u00bb unirse contra el bloque de gobierno. En su conferencia en Palacio Nacional, L\u00f3pez Obrador cuestion\u00f3 el rol que han hecho<a class=\"read-more\" href=\"https:\/\/globalnewsmexico.com\/sitio\/amlo-califica-como-vergonzosas-alianzas-del-pri-pan-y-prd\/\">Leer m\u00e1s<\/a><\/p>\n","protected":false},"author":5,"featured_media":57992,"comment_status":"closed","ping_status":"open","sticky":false,"template":"","format":"standard","meta":{"spay_email":"","footnotes":""},"categories":[37,8,40,52],"tags":[],"jetpack_featured_media_url":"https:\/\/i1.wp.com\/globalnewsmexico.com\/sitio\/wp-content\/uploads\/2020\/11\/andres-manuel-lopez-obrador-palacio-9_0_27_1200_746.jpeg?fit=958%2C596&ssl=1","jetpack_sharing_enabled":true,"jetpack_shortlink":"https:\/\/wp.me\/p9yqPL-f5l","jetpack_likes_enabled":true,"_links":{"self":[{"href":"https:\/\/globalnewsmexico.com\/sitio\/wp-json\/wp\/v2\/posts\/57991"}],"collection":[{"href":"https:\/\/globalnewsmexico.com\/sitio\/wp-json\/wp\/v2\/posts"}],"about":[{"href":"https:\/\/globalnewsmexico.com\/sitio\/wp-json\/wp\/v2\/types\/post"}],"author":[{"embeddable":true,"href":"https:\/\/globalnewsmexico.com\/sitio\/wp-json\/wp\/v2\/users\/5"}],"replies":[{"embeddable":true,"href":"https:\/\/globalnewsmexico.com\/sitio\/wp-json\/wp\/v2\/comments?post=57991"}],"version-history":[{"count":0,"href":"https:\/\/globalnewsmexico.com\/sitio\/wp-json\/wp\/v2\/posts\/57991\/revisions"}],"wp:featuredmedia":[{"embeddable":true,"href":"https:\/\/globalnewsmexico.com\/sitio\/wp-json\/wp\/v2\/media\/57992"}],"wp:attachment":[{"href":"https:\/\/globalnewsmexico.com\/sitio\/wp-json\/wp\/v2\/media?parent=57991"}],"wp:term":[{"taxonomy":"category","embeddable":true,"href":"https:\/\/globalnewsmexico.com\/sitio\/wp-json\/wp\/v2\/categories?post=57991"},{"taxonomy":"post_tag","embeddable":true,"href":"https:\/\/globalnewsmexico.com\/sitio\/wp-json\/wp\/v2\/tags?post=57991"}],"curies":[{"name":"wp","href":"https:\/\/api.w.org\/{rel}","templated":true}]}}