{"id":58100,"date":"2020-12-02T09:42:01","date_gmt":"2020-12-02T15:42:01","guid":{"rendered":"http:\/\/globalnewsmexico.com\/sitio\/?p=58100"},"modified":"2020-12-02T09:44:22","modified_gmt":"2020-12-02T15:44:22","slug":"hoy-inicia-el-registro-para-solicitar-apoyos-a-deudos-de-covid-19","status":"publish","type":"post","link":"https:\/\/globalnewsmexico.com\/sitio\/hoy-inicia-el-registro-para-solicitar-apoyos-a-deudos-de-covid-19\/","title":{"rendered":"Hoy inicia el registro para solicitar apoyos a deudos de Covid-19"},"content":{"rendered":"\n<p>A partir de este 2 de diciembre estar\u00e1 disponible la nueva<strong>\u00a0<\/strong>plataforma\u00a0para inscribirse al programa &#8216;Apoyo para deudos Covid&#8217;, inform\u00f3 el director del Instituto Mexicano del Seguro Social (IMSS),\u00a0Zo\u00e9 Robledo.<\/p>\n\n\n\n<p>Durante la conferencia matutina del presidente Andr\u00e9s Manuel L\u00f3pez Obrador, el director del IMSS anunci\u00f3 que ser\u00e1 a partir de las 9 de la ma\u00f1ana de este mi\u00e9rcoles&nbsp;2 de diciembre cuando familias de personas fallecidas por el nuevo coronavirus puedan inscribirse al&nbsp;programa&nbsp;de apoyos econ\u00f3micos para&nbsp;gastos funerarios.<\/p>\n\n\n\n<p>Record\u00f3 que las<strong>&nbsp;<\/strong>familias&nbsp;podr\u00e1n recibir un apoyo econ\u00f3mico de 11 mil 460 pesos por cada integrante que haya fallecido a causa del Covid-19, durante el periodo que va desde el 18 de marzo de 2020 hasta que se declare el fin de la pandemia.<\/p>\n\n\n\n<h3 class=\"wp-block-heading\">\u00bfCu\u00e1l es el nuevo portal para inscribirse al programa?<\/h3>\n\n\n\n<p>Zo\u00e9 Robledo detall\u00f3 que en el nuevo portal para inscribirse al programa \u2018Apoyo para deudos Covid\u2018, los beneficiarios deber\u00e1n proporcionar tanto sus datos personales como los de la v\u00edctima.<\/p>\n\n\n\n<p>Reiter\u00f3 que los&nbsp;beneficiarios&nbsp;de dicho programa podr\u00e1n ser los familiares de la persona fallecida por&nbsp;Covid-19, que sean mayores de 18 a\u00f1os, como el esposo, esposa o pareja de la v\u00edctima, hijas o hijos, as\u00ed como la madre o el padre.<\/p>\n\n\n\n<p>Asimismo, se\u00f1al\u00f3 que el apoyo econ\u00f3mico para gastos funerarios ser\u00e1 entregado de manera universal, es decir, sin importar la condici\u00f3n social de los beneficiarios y si son o no derechohabientes del IMSS o Issste; adem\u00e1s, afirm\u00f3 que se entregar\u00e1 de forma directa.<\/p>\n\n\n\n<p>Fuente: Radio F\u00f3rmula<\/p>\n","protected":false},"excerpt":{"rendered":"<p>A partir de este 2 de diciembre estar\u00e1 disponible la nueva\u00a0plataforma\u00a0para inscribirse al programa &#8216;Apoyo para deudos Covid&#8217;, inform\u00f3 el director del Instituto Mexicano del Seguro Social (IMSS),\u00a0Zo\u00e9 Robledo. Durante la conferencia matutina del presidente Andr\u00e9s Manuel L\u00f3pez Obrador, el director del IMSS anunci\u00f3 que ser\u00e1 a partir de las 9 de la ma\u00f1ana de<a class=\"read-more\" href=\"https:\/\/globalnewsmexico.com\/sitio\/hoy-inicia-el-registro-para-solicitar-apoyos-a-deudos-de-covid-19\/\">Leer m\u00e1s<\/a><\/p>\n","protected":false},"author":5,"featured_media":58101,"comment_status":"closed","ping_status":"open","sticky":false,"template":"","format":"standard","meta":{"spay_email":"","footnotes":""},"categories":[37,8,39,52],"tags":[],"jetpack_featured_media_url":"https:\/\/i1.wp.com\/globalnewsmexico.com\/sitio\/wp-content\/uploads\/2020\/12\/plataforma-deudos-covid-780x470-1.jpg?fit=1024%2C617&ssl=1","jetpack_sharing_enabled":true,"jetpack_shortlink":"https:\/\/wp.me\/p9yqPL-f76","jetpack_likes_enabled":true,"_links":{"self":[{"href":"https:\/\/globalnewsmexico.com\/sitio\/wp-json\/wp\/v2\/posts\/58100"}],"collection":[{"href":"https:\/\/globalnewsmexico.com\/sitio\/wp-json\/wp\/v2\/posts"}],"about":[{"href":"https:\/\/globalnewsmexico.com\/sitio\/wp-json\/wp\/v2\/types\/post"}],"author":[{"embeddable":true,"href":"https:\/\/globalnewsmexico.com\/sitio\/wp-json\/wp\/v2\/users\/5"}],"replies":[{"embeddable":true,"href":"https:\/\/globalnewsmexico.com\/sitio\/wp-json\/wp\/v2\/comments?post=58100"}],"version-history":[{"count":0,"href":"https:\/\/globalnewsmexico.com\/sitio\/wp-json\/wp\/v2\/posts\/58100\/revisions"}],"wp:featuredmedia":[{"embeddable":true,"href":"https:\/\/globalnewsmexico.com\/sitio\/wp-json\/wp\/v2\/media\/58101"}],"wp:attachment":[{"href":"https:\/\/globalnewsmexico.com\/sitio\/wp-json\/wp\/v2\/media?parent=58100"}],"wp:term":[{"taxonomy":"category","embeddable":true,"href":"https:\/\/globalnewsmexico.com\/sitio\/wp-json\/wp\/v2\/categories?post=58100"},{"taxonomy":"post_tag","embeddable":true,"href":"https:\/\/globalnewsmexico.com\/sitio\/wp-json\/wp\/v2\/tags?post=58100"}],"curies":[{"name":"wp","href":"https:\/\/api.w.org\/{rel}","templated":true}]}}