{"id":58159,"date":"2020-12-03T10:04:38","date_gmt":"2020-12-03T16:04:38","guid":{"rendered":"http:\/\/globalnewsmexico.com\/sitio\/?p=58159"},"modified":"2020-12-03T10:04:42","modified_gmt":"2020-12-03T16:04:42","slug":"por-covid-unam-extiende-suspension-de-actividades-presenciales-hasta-marzo-de-2021","status":"publish","type":"post","link":"https:\/\/globalnewsmexico.com\/sitio\/por-covid-unam-extiende-suspension-de-actividades-presenciales-hasta-marzo-de-2021\/","title":{"rendered":"Por covid, UNAM extiende suspensi\u00f3n de actividades presenciales hasta marzo de 2021"},"content":{"rendered":"\n<p>La Universidad Nacional Aut\u00f3noma de M\u00e9xico (UNAM) inform\u00f3 que extender\u00e1 la suspensi\u00f3n de\u00a0reuniones, viajes e intercambios acad\u00e9micos, con el prop\u00f3sito de prevenir la propagaci\u00f3n del Covid-19.<\/p>\n\n\n\n<p>En un comunicado, indic\u00f3 que el rector\u00a0Enrique Graue Wiechers\u00a0emiti\u00f3 un acuerdo por el cual se prolonga, hasta\u00a0el 31 de marzo de 2021, la vigencia para la suspensi\u00f3n de la asistencia de universitarios a reuniones acad\u00e9micas, de difusi\u00f3n y culturales como:<\/p>\n\n\n\n<ul><li>Cursos<\/li><li>Conferencias<\/li><li>Congresos<\/li><li>Seminarios<\/li><li>Mesas redondas y talleres, entre otros, en instituciones del extranjero<\/li><\/ul>\n\n\n\n<p>Tambi\u00e9n quedan interrumpidas las\u00a0visitas de intercambio acad\u00e9mico internacional\u00a0y la recepci\u00f3n de visitantes para la realizaci\u00f3n de estancias acad\u00e9micas o de investigaci\u00f3n.<\/p>\n\n\n\n<p>Adem\u00e1s, tampoco se autorizar\u00e1 ning\u00fan tipo de apoyo econ\u00f3mico institucional para movilidad (vi\u00e1ticos, pasajes terrestres o a\u00e9reos, inscripciones, entre otros), ya sea a cuenta de ingresos ordinarios o extraordinarios, para comisiones, licencias acad\u00e9micas, permisos, estancias acad\u00e9micas o de investigaci\u00f3n, ni para recibir a acad\u00e9micos visitantes.<\/p>\n\n\n\n<p>Lo anterior, se\u00f1ala el acuerdo publicado hoy en Gaceta UNAM, se establece como medida preventiva por la dimensi\u00f3n, evoluci\u00f3n y facilidad de propagaci\u00f3n del Covid-19.<\/p>\n\n\n\n<p>\u201cEn atenci\u00f3n a las medidas necesarias que se requiere tomar para proteger a la comunidad universitaria de la pandemia que afecta al pa\u00eds, la Universidad Nacional Aut\u00f3noma de M\u00e9xico, en pleno ejercicio de su autonom\u00eda, realiza las acciones necesarias para ayudar a prevenir y controlar dicha pandemia\u201d, puntualiz\u00f3.<\/p>\n\n\n\n<p>Fuente: Milenio<\/p>\n","protected":false},"excerpt":{"rendered":"<p>La Universidad Nacional Aut\u00f3noma de M\u00e9xico (UNAM) inform\u00f3 que extender\u00e1 la suspensi\u00f3n de\u00a0reuniones, viajes e intercambios acad\u00e9micos, con el prop\u00f3sito de prevenir la propagaci\u00f3n del Covid-19. En un comunicado, indic\u00f3 que el rector\u00a0Enrique Graue Wiechers\u00a0emiti\u00f3 un acuerdo por el cual se prolonga, hasta\u00a0el 31 de marzo de 2021, la vigencia para la suspensi\u00f3n de la<a class=\"read-more\" href=\"https:\/\/globalnewsmexico.com\/sitio\/por-covid-unam-extiende-suspension-de-actividades-presenciales-hasta-marzo-de-2021\/\">Leer m\u00e1s<\/a><\/p>\n","protected":false},"author":5,"featured_media":58160,"comment_status":"closed","ping_status":"open","sticky":false,"template":"","format":"standard","meta":{"spay_email":"","footnotes":""},"categories":[37,8,49,52],"tags":[],"jetpack_featured_media_url":"https:\/\/i2.wp.com\/globalnewsmexico.com\/sitio\/wp-content\/uploads\/2020\/12\/estudiantes-realizaron-performance-violador-camino.jpeg?fit=958%2C596&ssl=1","jetpack_sharing_enabled":true,"jetpack_shortlink":"https:\/\/wp.me\/p9yqPL-f83","jetpack_likes_enabled":true,"_links":{"self":[{"href":"https:\/\/globalnewsmexico.com\/sitio\/wp-json\/wp\/v2\/posts\/58159"}],"collection":[{"href":"https:\/\/globalnewsmexico.com\/sitio\/wp-json\/wp\/v2\/posts"}],"about":[{"href":"https:\/\/globalnewsmexico.com\/sitio\/wp-json\/wp\/v2\/types\/post"}],"author":[{"embeddable":true,"href":"https:\/\/globalnewsmexico.com\/sitio\/wp-json\/wp\/v2\/users\/5"}],"replies":[{"embeddable":true,"href":"https:\/\/globalnewsmexico.com\/sitio\/wp-json\/wp\/v2\/comments?post=58159"}],"version-history":[{"count":0,"href":"https:\/\/globalnewsmexico.com\/sitio\/wp-json\/wp\/v2\/posts\/58159\/revisions"}],"wp:featuredmedia":[{"embeddable":true,"href":"https:\/\/globalnewsmexico.com\/sitio\/wp-json\/wp\/v2\/media\/58160"}],"wp:attachment":[{"href":"https:\/\/globalnewsmexico.com\/sitio\/wp-json\/wp\/v2\/media?parent=58159"}],"wp:term":[{"taxonomy":"category","embeddable":true,"href":"https:\/\/globalnewsmexico.com\/sitio\/wp-json\/wp\/v2\/categories?post=58159"},{"taxonomy":"post_tag","embeddable":true,"href":"https:\/\/globalnewsmexico.com\/sitio\/wp-json\/wp\/v2\/tags?post=58159"}],"curies":[{"name":"wp","href":"https:\/\/api.w.org\/{rel}","templated":true}]}}